{"id":93098,"date":"2022-08-31T14:57:21","date_gmt":"2022-08-31T17:57:21","guid":{"rendered":"https:\/\/primicias2262.com\/?p=93098"},"modified":"2022-08-31T14:57:21","modified_gmt":"2022-08-31T17:57:21","slug":"mario-wilgenhoff-asumio-como-nuevo-delegado-municipal-de-quequen","status":"publish","type":"post","link":"https:\/\/primicias2262.com\/noticias\/mario-wilgenhoff-asumio-como-nuevo-delegado-municipal-de-quequen\/","title":{"rendered":"Mario Wilgenhoff asumi\u00f3 como nuevo delegado municipal de Quequ\u00e9n"},"content":{"rendered":"<p><strong>\u201cEstuve en la vereda de enfrente en las elecciones anteriores y eso habla bien del Intendente, que busca pluralidad para trabajar por el bien de los vecinos del distrito\u201d, destac\u00f3 el flamante delegado, acompa\u00f1ado en su asunci\u00f3n por la secretaria de Gobierno, Gabriela G\u00f3ngora, su antecesor Hern\u00e1n Rodr\u00edguez y dem\u00e1s funcionarios, concejales, familiares y amigos.<\/strong><\/p>\n<p>El despacho de la Delegaci\u00f3n Municipal de Quequ\u00e9n fue el lugar de la ceremonia para la puesta en funciones de su nuevo titular, Mario Wilgenhoff, quien con el respaldo de la gesti\u00f3n encabezada por el intendente Arturo Rojas reemplaza desde este mi\u00e9rcoles 31 de agosto al saliente Hern\u00e1n Rodr\u00edguez.<\/p>\n<p>La presentaci\u00f3n oficial del nuevo delegado fue acompa\u00f1ada de funcionarios de gobierno, concejales y familiares de Wilgenhoff, y encabezada por la secretaria de Gobierno, Gabriela G\u00f3ngora, quien en principio expres\u00f3 que \u201ces dif\u00edcil despedir a Hern\u00e1n Rodr\u00edguez como delegado de Quequ\u00e9n, aunque sabemos que sigue siendo parte del equipo de Nueva Necochea y del equipo que trabaja para que Quequ\u00e9n siga adelante con las obras que venimos planificando\u00bb.<\/p>\n<p>En ese marco, resalt\u00f3 que \u201chay un equipo que sigue para adelante, el Intendente est\u00e1 agradecido por estos meses de trabajo y esto nos permite ampliar el equipo. La \u00fanica manera de construir la ciudad que queremos es sumando voluntades para trabajar por Quequ\u00e9n, y estamos m\u00e1s que contentos que Mario (Wilgenhoff) se sume a este equipo\u00bb.<\/p>\n<p>\u00abNos gusta sumar gente que tenga compromiso y el trabajo que viene haciendo dentro del Club Ministerio lo vemos y palpamos todos. Es fundamental mostrar predisposici\u00f3n para construir desde las ideas distintas y la diversidad es lo que no caracteriza\u201d, puntualiz\u00f3.<\/p>\n<p>Por su parte, el flamante delegado municipal de Quequ\u00e9n, Mario Wilgenhoff, manifest\u00f3 en tal sentido: \u201cQuiero agradecerle al Intendente municipal la convocatoria, saben que no formo parte de este espacio pol\u00edtico, por el contrario, estuve en la vereda de enfrente en las elecciones anteriores y eso habla bien del Intendente, que quiere ampliar su espacio y busca pluralidad para trabajar por el bien de los vecinos del distrito\u201d.<\/p>\n<p>Acto seguido, expres\u00f3 su agradecimiento a G\u00f3ngora y a Rodr\u00edguez, \u201cporque \u00e9l tuvo mucho que ver con esta designaci\u00f3n\u201d se\u00f1al\u00f3, y asever\u00f3 que \u201cquiero decirle a los vecinos de Quequ\u00e9n que este compromiso lo voy a honrar con trabajo. Hern\u00e1n deja una vara muy alta porque ha hecho un trabajo muy importante e intentaremos seguir por ese camino, junto a este equipo de gente muy buena y trabajadora. Necochea, Quequ\u00e9n y el distrito est\u00e1n primeros por sobre todas las ideolog\u00edas, y a las mezquindades hay que dejarlas de lado para que los vecinos tengan una mejor calidad de vida\u201d.<\/p>\n<figure class=\"wp-block-audio\"><\/figure>\n","protected":false},"excerpt":{"rendered":"<p>\u201cEstuve en la vereda de enfrente en las elecciones anteriores y eso habla bien del Intendente, que busca pluralidad para trabajar por el bien de los vecinos del distrito\u201d, destac\u00f3 el flamante delegado, acompa\u00f1ado en su asunci\u00f3n por la secretaria de Gobierno, Gabriela G\u00f3ngora, su antecesor Hern\u00e1n Rodr\u00edguez y dem\u00e1s funcionarios, concejales, familiares y amigos. [&hellip;]<\/p>\n","protected":false},"author":3,"featured_media":93099,"comment_status":"closed","ping_status":"closed","sticky":false,"template":"","format":"standard","meta":{"footnotes":""},"categories":[3],"tags":[],"class_list":["post-93098","post","type-post","status-publish","format-standard","has-post-thumbnail","category-masnoticias"],"_links":{"self":[{"href":"https:\/\/primicias2262.com\/noticias\/wp-json\/wp\/v2\/posts\/93098","targetHints":{"allow":["GET"]}}],"collection":[{"href":"https:\/\/primicias2262.com\/noticias\/wp-json\/wp\/v2\/posts"}],"about":[{"href":"https:\/\/primicias2262.com\/noticias\/wp-json\/wp\/v2\/types\/post"}],"author":[{"embeddable":true,"href":"https:\/\/primicias2262.com\/noticias\/wp-json\/wp\/v2\/users\/3"}],"replies":[{"embeddable":true,"href":"https:\/\/primicias2262.com\/noticias\/wp-json\/wp\/v2\/comments?post=93098"}],"version-history":[{"count":0,"href":"https:\/\/primicias2262.com\/noticias\/wp-json\/wp\/v2\/posts\/93098\/revisions"}],"wp:attachment":[{"href":"https:\/\/primicias2262.com\/noticias\/wp-json\/wp\/v2\/media?parent=93098"}],"wp:term":[{"taxonomy":"category","embeddable":true,"href":"https:\/\/primicias2262.com\/noticias\/wp-json\/wp\/v2\/categories?post=93098"},{"taxonomy":"post_tag","embeddable":true,"href":"https:\/\/primicias2262.com\/noticias\/wp-json\/wp\/v2\/tags?post=93098"}],"curies":[{"name":"wp","href":"https:\/\/api.w.org\/{rel}","templated":true}]}}