{"id":93106,"date":"2022-08-31T18:25:42","date_gmt":"2022-08-31T21:25:42","guid":{"rendered":"https:\/\/primicias2262.com\/?p=93106"},"modified":"2022-08-31T18:25:42","modified_gmt":"2022-08-31T21:25:42","slug":"roberto-gomez-opino-que-necochea-sigue-sin-definir-su-perfil-productivo","status":"publish","type":"post","link":"https:\/\/primicias2262.com\/noticias\/roberto-gomez-opino-que-necochea-sigue-sin-definir-su-perfil-productivo\/","title":{"rendered":"Roberto G\u00f3mez opin\u00f3 que \u00abNecochea sigue sin definir su perfil productivo\u00bb"},"content":{"rendered":"<p><strong>El dirigente peronista Roberto G\u00f3mez se\u00f1al\u00f3 que \u00absi lo que queremos es apostar m\u00e1s fuertemente al perfil de Necochea como ciudad turistica nosotros tenemos varias propuestas concretas para realizar\u00bb.<\/strong><\/p>\n<p>G\u00f3mez consider\u00f3 que \u00abtenemos que definir claramente qu\u00e9 es lo que queremos hacer y agreg\u00f3 que \u00abse disolvi\u00f3 el Entur y no se remplaz\u00f3 pr\u00e1cticamente por nada ya que ahora hay una Secretar\u00eda que incorpor\u00f3 a Turismo y m\u00e1s all\u00e1 de los 45 o 60 d\u00edas de temporada alta hay que pensar en el resto del tiempo de qu\u00e9 manera salimos a hacer publicidad y marketing y c\u00f3mo trabajamos con los sectores que habitualmente nos visitan\u00bb.<\/p>\n<p>Opin\u00f3 que \u00abhay que ver de qu\u00e9 manera se mejora la infraestructura si apuntamos los ca\u00f1ones a algo fundamental como es la Terminal de Omnibus, si mejoramos el dispositivo para trabajar con el Pre Viaje y apuntar a aumentar la visita de gente de la provincias de Buenos Aires, R\u00edo Negro, Neuqu\u00e9n y Mendoza que es donde m\u00e1s turistas llegan a Necochea\u00bb-<\/p>\n<p>\u00abHay otro problema y es que no tenemos agua, es decir que hay una serie de factores a los que deber\u00edamos apuntar en cuanto a inversi\u00f3n y trabajo, para despu\u00e9s s\u00ed comprometernos a buscar m\u00e1s visitantes y darles una mejor atenci\u00f3n\u00bb, puntualiz\u00f3.<\/p>\n<p>Aclar\u00f3 que \u00abla primera definici\u00f3n debe ser el perfil tur\u00edstico de la ciudad para empezar a planificar obras, inversiones y una l\u00ednea clara en cuanto a qu\u00e9 tipo de turismo vamos a apuntar para explotar mejor las pol\u00edticas (de Naci\u00f3n y Provincia) para el sector\u00bb.<\/p>\n<p>Cuando se lo consult\u00f3 cu\u00e1l ser\u00eda el perfil de Necochea en materia tur\u00edstica, el dirigente expres\u00f3 que \u00ablo primero es tener esa definici\u00f3n\u00bb y se pregunt\u00f3 \u00abqueremos apostar a eso y si estamos en condiciones tenemos que darle la importancia que tiene, sacando a Turismo de donde la Secretar\u00eda donde est\u00e1 y armar una nueva en primer t\u00e9rmino y dotarla de m\u00e1s recursos, mejorar el presupuesto que hoy es muy poco\u00bb.<\/p>\n<p>Indic\u00f3 que \u00abse deben mejorar los servicios, la Terminal de Omnibus dado que reci\u00e9n ahora comenzaron a pintarla, a cambiarle alguna luces, pero hasta hace un mes atr\u00e1s estaba cerrada, los ba\u00f1os no estaban en condiciones\u00bb y resalt\u00f3 que \u00abel turismo no s\u00f3lo mejora la econom\u00eda sino que genera much\u00edsimos puestos de trabajo, entonces ser\u00eda muy importante que Necochea escoja ese perfil\u00bb.<\/p>\n<p>G\u00f3mez tambi\u00e9n apunt\u00f3 a la problem\u00e1tica del transporte al se\u00f1alar que \u00abno es una buena se\u00f1al que un jueves, viernes o s\u00e1bado pidamos un taxi o un remis y no lo tengamos los necochenses y ni hablar si pensamos en ese servicio en funci\u00f3n del turismo\u00bb y a\u00f1adi\u00f3 que \u00abhace poco el director (del \u00e1rea) reconoci\u00f3 que de golpe se dieron de baja muchas unidades. Este es un problema de vieja data pero que la actual administraci\u00f3n lo profundiz\u00f3\u00bb.<\/p>\n<p>&nbsp;<\/p>\n<p>&nbsp;<\/p>\n<p>&nbsp;<\/p>\n<p>&nbsp;<\/p>\n<p>&nbsp;<\/p>\n<p>m\u00e1s all\u00e1 de los 45 o 60 d\u00edas de temporada alta hay que<\/p>\n","protected":false},"excerpt":{"rendered":"<p>El dirigente peronista Roberto G\u00f3mez se\u00f1al\u00f3 que \u00absi lo que queremos es apostar m\u00e1s fuertemente al perfil de Necochea como ciudad turistica nosotros tenemos varias propuestas concretas para realizar\u00bb. G\u00f3mez consider\u00f3 que \u00abtenemos que definir claramente qu\u00e9 es lo que queremos hacer y agreg\u00f3 que \u00abse disolvi\u00f3 el Entur y no se remplaz\u00f3 pr\u00e1cticamente por [&hellip;]<\/p>\n","protected":false},"author":3,"featured_media":75128,"comment_status":"closed","ping_status":"closed","sticky":false,"template":"","format":"standard","meta":{"footnotes":""},"categories":[3],"tags":[],"class_list":["post-93106","post","type-post","status-publish","format-standard","has-post-thumbnail","category-masnoticias"],"_links":{"self":[{"href":"https:\/\/primicias2262.com\/noticias\/wp-json\/wp\/v2\/posts\/93106","targetHints":{"allow":["GET"]}}],"collection":[{"href":"https:\/\/primicias2262.com\/noticias\/wp-json\/wp\/v2\/posts"}],"about":[{"href":"https:\/\/primicias2262.com\/noticias\/wp-json\/wp\/v2\/types\/post"}],"author":[{"embeddable":true,"href":"https:\/\/primicias2262.com\/noticias\/wp-json\/wp\/v2\/users\/3"}],"replies":[{"embeddable":true,"href":"https:\/\/primicias2262.com\/noticias\/wp-json\/wp\/v2\/comments?post=93106"}],"version-history":[{"count":0,"href":"https:\/\/primicias2262.com\/noticias\/wp-json\/wp\/v2\/posts\/93106\/revisions"}],"wp:attachment":[{"href":"https:\/\/primicias2262.com\/noticias\/wp-json\/wp\/v2\/media?parent=93106"}],"wp:term":[{"taxonomy":"category","embeddable":true,"href":"https:\/\/primicias2262.com\/noticias\/wp-json\/wp\/v2\/categories?post=93106"},{"taxonomy":"post_tag","embeddable":true,"href":"https:\/\/primicias2262.com\/noticias\/wp-json\/wp\/v2\/tags?post=93106"}],"curies":[{"name":"wp","href":"https:\/\/api.w.org\/{rel}","templated":true}]}}