{"id":93119,"date":"2022-09-01T13:55:35","date_gmt":"2022-09-01T16:55:35","guid":{"rendered":"https:\/\/primicias2262.com\/?p=93119"},"modified":"2022-09-01T13:55:35","modified_gmt":"2022-09-01T16:55:35","slug":"en-necochea-el-kilo-de-pan-aumento-a-400-pesos-desde-este-jueves","status":"publish","type":"post","link":"https:\/\/primicias2262.com\/noticias\/en-necochea-el-kilo-de-pan-aumento-a-400-pesos-desde-este-jueves\/","title":{"rendered":"En Necochea, el kilo de pan aument\u00f3 a 400 pesos desde este jueves"},"content":{"rendered":"<p>A partir de este 1 de septiembre, el precio del kilo de pan, en calidad de referencia en las ciudades de Necochea y Quequ\u00e9n, pasar\u00eda a expenderse a 400 pesos, aunque este precio optativo.<\/p>\n<p>El costo, se reitera tambi\u00e9n de referencia, que vino rigiendo estas semanas es de 380 pesos. El ajuste ser\u00eda, por lo tanto, de 20 pesos m\u00e1s por kilo.<\/p>\n<p>Tal lo consignado por panaderos consultados al respecto, luego de reuniones y de conversaciones mantenidas entre los titulares de panader\u00edas locales.<\/p>\n","protected":false},"excerpt":{"rendered":"<p>A partir de este 1 de septiembre, el precio del kilo de pan, en calidad de referencia en las ciudades de Necochea y Quequ\u00e9n, pasar\u00eda a expenderse a 400 pesos, aunque este precio optativo. El costo, se reitera tambi\u00e9n de referencia, que vino rigiendo estas semanas es de 380 pesos. El ajuste ser\u00eda, por lo [&hellip;]<\/p>\n","protected":false},"author":3,"featured_media":87926,"comment_status":"closed","ping_status":"closed","sticky":false,"template":"","format":"standard","meta":{"footnotes":""},"categories":[3],"tags":[],"class_list":["post-93119","post","type-post","status-publish","format-standard","has-post-thumbnail","category-masnoticias"],"_links":{"self":[{"href":"https:\/\/primicias2262.com\/noticias\/wp-json\/wp\/v2\/posts\/93119","targetHints":{"allow":["GET"]}}],"collection":[{"href":"https:\/\/primicias2262.com\/noticias\/wp-json\/wp\/v2\/posts"}],"about":[{"href":"https:\/\/primicias2262.com\/noticias\/wp-json\/wp\/v2\/types\/post"}],"author":[{"embeddable":true,"href":"https:\/\/primicias2262.com\/noticias\/wp-json\/wp\/v2\/users\/3"}],"replies":[{"embeddable":true,"href":"https:\/\/primicias2262.com\/noticias\/wp-json\/wp\/v2\/comments?post=93119"}],"version-history":[{"count":0,"href":"https:\/\/primicias2262.com\/noticias\/wp-json\/wp\/v2\/posts\/93119\/revisions"}],"wp:attachment":[{"href":"https:\/\/primicias2262.com\/noticias\/wp-json\/wp\/v2\/media?parent=93119"}],"wp:term":[{"taxonomy":"category","embeddable":true,"href":"https:\/\/primicias2262.com\/noticias\/wp-json\/wp\/v2\/categories?post=93119"},{"taxonomy":"post_tag","embeddable":true,"href":"https:\/\/primicias2262.com\/noticias\/wp-json\/wp\/v2\/tags?post=93119"}],"curies":[{"name":"wp","href":"https:\/\/api.w.org\/{rel}","templated":true}]}}