{"id":93121,"date":"2022-09-01T14:03:35","date_gmt":"2022-09-01T17:03:35","guid":{"rendered":"https:\/\/primicias2262.com\/?p=93121"},"modified":"2022-09-01T14:03:35","modified_gmt":"2022-09-01T17:03:35","slug":"moller-necochea-ha-tenido-crisis-politicas-que-han-repercutido-y-todavia-repercuten","status":"publish","type":"post","link":"https:\/\/primicias2262.com\/noticias\/moller-necochea-ha-tenido-crisis-politicas-que-han-repercutido-y-todavia-repercuten\/","title":{"rendered":"M\u00f6ller: \u201cNecochea ha tenido crisis pol\u00edticas que han repercutido y todav\u00eda repercuten\u201d"},"content":{"rendered":"<p>As\u00ed lo declar\u00f3 el periodista local, Hugo M\u00f6ller, quien vio con mejores ojos a la ciudad con respecto a algunos a\u00f1os atr\u00e1s, pero se\u00f1al\u00f3 que se podr\u00eda estar mejor si no fuera que \u201cla ciudad viene de crisis en crisis\u201d, y \u201clos necochenses tenemos que dejar de vivir de nostalgias\u201d.<\/p>\n<p>Durante la ma\u00f1ana de \u201cVoces de la Ciudad\u201d, el periodista de 63 a\u00f1os fue entrevistado por su colega Jorge G\u00f3mez, a quien reemplazar\u00e1 pronto por espacio de casi un mes en dicha radio, y en su visita habl\u00f3 de c\u00f3mo ve a Necochea a todo contexto, como as\u00ed al pa\u00eds.<\/p>\n<p>Quien actualmente conduce el programa televisivo \u201cEl Ciudadano\u201d en la frecuencia 7 de Somos -lo que antes era TSN-, se\u00f1al\u00f3 que \u201csiempre fui una persona optimista, pero hoy por hoy no lo soy respecto al destino del pa\u00eds, creo que entre la conducta de la dirigencia pol\u00edtica y el conjunto de la sociedad no veo que esto cambie demasiado\u201d.<\/p>\n<p>\u201cLo que tiene Argentina es que hay un sector productivo importante con la cadena agroexportadora, pero a eso hay que integrarlo con la industria, y hay sectores sindicales que son conscientes de esa necesidad\u201d, sostuvo, y en ese contexto analiz\u00f3 que \u201cNecochea creo que est\u00e1 mejor que hace un par de a\u00f1os\u2026 podr\u00eda estar mejor pero recordemos que viene de crisis en crisis, Necochea ha tenido crisis propias, que han sido pol\u00edticas, y todo eso ha repercutido y todav\u00eda repercute\u201d.<\/p>\n<p>M\u00f6ller subray\u00f3 que \u201cotra falencia del distrito es el tema de la salud: la salud privada pr\u00e1cticamente no existe, es muy poco lo que ofrece la Cruz Azul y siempre vivimos de nostalgias los necochenses. Antes ten\u00edamos tres cl\u00ednicas, pero hoy no est\u00e1n, entonces tenemos que dejar de vivir de la nostalgia y de lo que fue Necochea, y eso lo traslado a todo \u00e1mbito\u201d.<\/p>\n<p>Por ejemplo, \u201cel Casino fue un orgullo y una cosa esplendorosa\u2026 pero hoy no es, es un adefesio. El Casino no sirve m\u00e1s y hay que hacer otra cosa ah\u00ed. Hay que averiguar qu\u00e9 le puede interesar al sector empresario, a los capitales, para hacer un pliego que se adapte a su inquietud, algo que sea factible. Si no le gusta a un sector mala suerte, no se puede tener contento a todo el mundo\u201d.<\/p>\n<p>As\u00ed como en salud, M\u00f6ller se\u00f1al\u00f3 que \u201ctambi\u00e9n en seguridad y educaci\u00f3n el Estado tiene que tener injerencia, asegurando el servicio o garantiz\u00e1ndolo, hay que poner \u00e9nfasis y evidentemente hoy no est\u00e1 bien en ese sentido\u201d, para acotar que \u201csoy naturalmente optimista, pero por los hechos que uno observa y al mirar hacia delante, no tengo elementos para ser optimista\u201d.<\/p>\n<p>Finalmente, el periodista manifest\u00f3 que \u201ca esta altura uno trata de que el \u00e1mbito donde uno se desarrolla est\u00e9 bien y hacer las cosas bien. Por \u00e9pocas, los argentinos siempre buscamos un culpable: en su momento los militares, despu\u00e9s los pol\u00edticos o la Justicia, pero la sociedad argentina tambi\u00e9n tiene lo suyo. Uno va por la calle y ve personas que han ido a los mejores colegios y tienen poder econ\u00f3mico y circulan por ejemplo a contramano en la calle, doblan donde no tienen que hacerlo, y reflejan una anomia de no respetar la ley, y eso se traslada\u201d.<\/p>\n","protected":false},"excerpt":{"rendered":"<p>As\u00ed lo declar\u00f3 el periodista local, Hugo M\u00f6ller, quien vio con mejores ojos a la ciudad con respecto a algunos a\u00f1os atr\u00e1s, pero se\u00f1al\u00f3 que se podr\u00eda estar mejor si no fuera que \u201cla ciudad viene de crisis en crisis\u201d, y \u201clos necochenses tenemos que dejar de vivir de nostalgias\u201d. Durante la ma\u00f1ana de \u201cVoces [&hellip;]<\/p>\n","protected":false},"author":3,"featured_media":93122,"comment_status":"closed","ping_status":"closed","sticky":false,"template":"","format":"standard","meta":{"footnotes":""},"categories":[3],"tags":[],"class_list":["post-93121","post","type-post","status-publish","format-standard","has-post-thumbnail","category-masnoticias"],"_links":{"self":[{"href":"https:\/\/primicias2262.com\/noticias\/wp-json\/wp\/v2\/posts\/93121","targetHints":{"allow":["GET"]}}],"collection":[{"href":"https:\/\/primicias2262.com\/noticias\/wp-json\/wp\/v2\/posts"}],"about":[{"href":"https:\/\/primicias2262.com\/noticias\/wp-json\/wp\/v2\/types\/post"}],"author":[{"embeddable":true,"href":"https:\/\/primicias2262.com\/noticias\/wp-json\/wp\/v2\/users\/3"}],"replies":[{"embeddable":true,"href":"https:\/\/primicias2262.com\/noticias\/wp-json\/wp\/v2\/comments?post=93121"}],"version-history":[{"count":0,"href":"https:\/\/primicias2262.com\/noticias\/wp-json\/wp\/v2\/posts\/93121\/revisions"}],"wp:attachment":[{"href":"https:\/\/primicias2262.com\/noticias\/wp-json\/wp\/v2\/media?parent=93121"}],"wp:term":[{"taxonomy":"category","embeddable":true,"href":"https:\/\/primicias2262.com\/noticias\/wp-json\/wp\/v2\/categories?post=93121"},{"taxonomy":"post_tag","embeddable":true,"href":"https:\/\/primicias2262.com\/noticias\/wp-json\/wp\/v2\/tags?post=93121"}],"curies":[{"name":"wp","href":"https:\/\/api.w.org\/{rel}","templated":true}]}}