{"id":93142,"date":"2022-09-02T00:22:42","date_gmt":"2022-09-02T03:22:42","guid":{"rendered":"https:\/\/primicias2262.com\/?p=93142"},"modified":"2022-09-02T00:22:42","modified_gmt":"2022-09-02T03:22:42","slug":"fernandez-resalto-la-gravedad-del-hecho-y-decreto-que-este-viernes-sea-feriado-nacional","status":"publish","type":"post","link":"https:\/\/primicias2262.com\/noticias\/fernandez-resalto-la-gravedad-del-hecho-y-decreto-que-este-viernes-sea-feriado-nacional\/","title":{"rendered":"Fern\u00e1ndez resalt\u00f3 la gravedad del hecho y decret\u00f3 que este viernes sea feriado nacional"},"content":{"rendered":"<p>El presidente Alberto Fern\u00e1ndez dijo en un mensaje en cadena nacional que el atentado contra Cristina Fern\u00e1ndez de Kirchner fue el hecho \u00abm\u00e1s grave que ha sucedido desde que hemos recuperado democracia\u00bb, al tiempo que decret\u00f3 feriado nacional para este viernes.<\/p>\n<p>\u00abMerece el m\u00e1s en\u00e9rgico repudio de todos los argentinos y de todos los sectores pol\u00edticos porque estos hechos afectan la democracia\u00bb, dijo el Presidente.<\/p>\n<p><strong>Las frases del Presidente:<\/strong><\/p>\n<p>&#8211; \u201cEste hecho es de una enorme gravedad, el m\u00e1s grave desde el retorno de la Democracia\u201d<\/p>\n<p>&#8211; \u201cEste atentado merece el m\u00e1s en\u00e9rgico repudio de la sociedad argentina porque afecta la Democracia\u201d<\/p>\n<p>&#8211; \u201cEn una sociedad democr\u00e1tica los discursos de odio no pueden tener lugar\u201d<\/p>\n<p>&#8211; \u201cConvoco a todos los argentinos, a pol\u00edticos y a los medios a rechazar cualquier forma de violencia\u201d<\/p>\n<p>&#8211; \u201cMe he comunicado con la jueza para se esclarezca lo antes posible lo ocurrido\u201d<\/p>\n<h2 class=\"\"><\/h2>\n<p>&nbsp;<\/p>\n<p><a title=\"View &quot;Querido Pueblo Argentino&quot; on Scribd\" href=\"https:\/\/www.scribd.com\/document\/590896687\/Querido-Pueblo-Argentino#from_embed\">\u00abQuerido Pueblo Argentino\u00bb<\/a>\u00a0by\u00a0<a title=\"View T\u00e9lam's profile on Scribd\" href=\"https:\/\/es.scribd.com\/user\/276843644\/Telam#from_embed\">T\u00e9lam<\/a>\u00a0on Scribd<\/p>\n","protected":false},"excerpt":{"rendered":"<p>El presidente Alberto Fern\u00e1ndez dijo en un mensaje en cadena nacional que el atentado contra Cristina Fern\u00e1ndez de Kirchner fue el hecho \u00abm\u00e1s grave que ha sucedido desde que hemos recuperado democracia\u00bb, al tiempo que decret\u00f3 feriado nacional para este viernes. \u00abMerece el m\u00e1s en\u00e9rgico repudio de todos los argentinos y de todos los sectores [&hellip;]<\/p>\n","protected":false},"author":3,"featured_media":93143,"comment_status":"closed","ping_status":"closed","sticky":false,"template":"","format":"standard","meta":{"footnotes":""},"categories":[3],"tags":[],"class_list":["post-93142","post","type-post","status-publish","format-standard","has-post-thumbnail","category-masnoticias"],"_links":{"self":[{"href":"https:\/\/primicias2262.com\/noticias\/wp-json\/wp\/v2\/posts\/93142","targetHints":{"allow":["GET"]}}],"collection":[{"href":"https:\/\/primicias2262.com\/noticias\/wp-json\/wp\/v2\/posts"}],"about":[{"href":"https:\/\/primicias2262.com\/noticias\/wp-json\/wp\/v2\/types\/post"}],"author":[{"embeddable":true,"href":"https:\/\/primicias2262.com\/noticias\/wp-json\/wp\/v2\/users\/3"}],"replies":[{"embeddable":true,"href":"https:\/\/primicias2262.com\/noticias\/wp-json\/wp\/v2\/comments?post=93142"}],"version-history":[{"count":0,"href":"https:\/\/primicias2262.com\/noticias\/wp-json\/wp\/v2\/posts\/93142\/revisions"}],"wp:attachment":[{"href":"https:\/\/primicias2262.com\/noticias\/wp-json\/wp\/v2\/media?parent=93142"}],"wp:term":[{"taxonomy":"category","embeddable":true,"href":"https:\/\/primicias2262.com\/noticias\/wp-json\/wp\/v2\/categories?post=93142"},{"taxonomy":"post_tag","embeddable":true,"href":"https:\/\/primicias2262.com\/noticias\/wp-json\/wp\/v2\/tags?post=93142"}],"curies":[{"name":"wp","href":"https:\/\/api.w.org\/{rel}","templated":true}]}}