{"id":93147,"date":"2022-09-02T01:01:44","date_gmt":"2022-09-02T04:01:44","guid":{"rendered":"https:\/\/primicias2262.com\/?p=93147"},"modified":"2022-09-02T01:01:44","modified_gmt":"2022-09-02T04:01:44","slug":"este-viernes-no-se-dictaran-clases-y-la-municipalidad-permanecera-cerrada","status":"publish","type":"post","link":"https:\/\/primicias2262.com\/noticias\/este-viernes-no-se-dictaran-clases-y-la-municipalidad-permanecera-cerrada\/","title":{"rendered":"Este viernes no se dictar\u00e1n clases y la Municipalidad permanecer\u00e1 cerrada"},"content":{"rendered":"<p>A ra\u00edz del feriado nacional decretado por el presidente Alberto Fern\u00e1ndez para este viernes, no se dictar\u00e1n clases en los establecimientos educacionales y la Municipalidad no abrir\u00e1 sus puertas.<\/p>\n<p>Desde la sede de Inspecci\u00f3n se confirm\u00f3 esta madrugada que \u00ablas clases se suspenden en todos los turnos\u00bb, aunque no se menciona el feriado sino la convocatoria a un paro nacional por el atentado sufrido por la vicepresidenta Cristina Fern\u00e1ndez de Kirchner.<\/p>\n<p>En tanto, desde el \u00e1rea de Comunicaci\u00f3n del municipio se inform\u00f3 que en esta jornada no habr\u00e1 actividad por el feriado nacional.<\/p>\n<p>Tampoco habr\u00e1 actividad bancaria, en tanto que los primeros servicios de micros de pasajeros se prestar\u00e1n con normalidad hasta las 8.30 y luego se ir\u00edan reduciendo las frecuencias de acuerdo con la demanda de pasajeros.<\/p>\n<p>&nbsp;<\/p>\n","protected":false},"excerpt":{"rendered":"<p>A ra\u00edz del feriado nacional decretado por el presidente Alberto Fern\u00e1ndez para este viernes, no se dictar\u00e1n clases en los establecimientos educacionales y la Municipalidad no abrir\u00e1 sus puertas. Desde la sede de Inspecci\u00f3n se confirm\u00f3 esta madrugada que \u00ablas clases se suspenden en todos los turnos\u00bb, aunque no se menciona el feriado sino la [&hellip;]<\/p>\n","protected":false},"author":3,"featured_media":72338,"comment_status":"closed","ping_status":"closed","sticky":false,"template":"","format":"standard","meta":{"footnotes":""},"categories":[3],"tags":[],"class_list":["post-93147","post","type-post","status-publish","format-standard","has-post-thumbnail","category-masnoticias"],"_links":{"self":[{"href":"https:\/\/primicias2262.com\/noticias\/wp-json\/wp\/v2\/posts\/93147","targetHints":{"allow":["GET"]}}],"collection":[{"href":"https:\/\/primicias2262.com\/noticias\/wp-json\/wp\/v2\/posts"}],"about":[{"href":"https:\/\/primicias2262.com\/noticias\/wp-json\/wp\/v2\/types\/post"}],"author":[{"embeddable":true,"href":"https:\/\/primicias2262.com\/noticias\/wp-json\/wp\/v2\/users\/3"}],"replies":[{"embeddable":true,"href":"https:\/\/primicias2262.com\/noticias\/wp-json\/wp\/v2\/comments?post=93147"}],"version-history":[{"count":0,"href":"https:\/\/primicias2262.com\/noticias\/wp-json\/wp\/v2\/posts\/93147\/revisions"}],"wp:attachment":[{"href":"https:\/\/primicias2262.com\/noticias\/wp-json\/wp\/v2\/media?parent=93147"}],"wp:term":[{"taxonomy":"category","embeddable":true,"href":"https:\/\/primicias2262.com\/noticias\/wp-json\/wp\/v2\/categories?post=93147"},{"taxonomy":"post_tag","embeddable":true,"href":"https:\/\/primicias2262.com\/noticias\/wp-json\/wp\/v2\/tags?post=93147"}],"curies":[{"name":"wp","href":"https:\/\/api.w.org\/{rel}","templated":true}]}}