{"id":93151,"date":"2022-09-02T12:50:12","date_gmt":"2022-09-02T15:50:12","guid":{"rendered":"https:\/\/primicias2262.com\/?p=93151"},"modified":"2022-09-02T12:50:12","modified_gmt":"2022-09-02T15:50:12","slug":"el-mensaje-de-la-asociacion-alfredo-marcenac-prevenir-para-no-lamentar","status":"publish","type":"post","link":"https:\/\/primicias2262.com\/noticias\/el-mensaje-de-la-asociacion-alfredo-marcenac-prevenir-para-no-lamentar\/","title":{"rendered":"El mensaje de la Asociaci\u00f3n Alfredo Marcenac: \u201cPrevenir para no lamentar\u201d"},"content":{"rendered":"<p><strong>En relaci\u00f3n con los hechos de p\u00fablico conocimiento que alertaron a todos los argentinos, la Asociaci\u00f3n Civil \u201cAlfredo Marcenac\u201d reflexion\u00f3 que su lema es \u201cPrevenir para no lamentar\u201d.<\/strong><\/p>\n<p>En un breve comunicado, la asociaci\u00f3n expres\u00f3: \u201cEntendemos que como sociedad prevenir es uno de los desaf\u00edos centrales de la agenda del d\u00eda a d\u00eda a todos los niveles y responsabilidades, estar atentos a promover di\u00e1logos y no odio\u201d.<\/p>\n<p>\u201cQuienes integramos este colectivo -sigue el texto-, entendemos que las violencias en general y en especial con uso de armas de fuego, no deben ser consideradas \u00fanicamente como hechos individuales. No compartimos la idea de que el intento de asesinato de la se\u00f1ora Vicepresidenta electa democr\u00e1ticamente, Cristina Fern\u00e1ndez, es el resultado \u00fanicamente de un acto individual\u201d.<\/p>\n<p>Finalmente, reflexionaron que \u201clos conflictos son parte de la vida, pero atendiendo a modos de tramitaci\u00f3n pac\u00edfica, considerando y cuidando la diversidad de miradas\u201d, para sintetizar al cierre que \u201cla negaci\u00f3n y eliminaci\u00f3n del otro no es el modo de construir convivencia. Por v\u00ednculos m\u00e1s humanos invitamos tanto a nuestros representantes como a la poblaci\u00f3n en general a prevenir y cuidar las vidas\u201d.<\/p>\n<p><a href=\"https:\/\/primicias2262.com\/wp-content\/uploads\/2021\/07\/flia-marcenac.jpg\"><img loading=\"lazy\" decoding=\"async\" class=\"alignleft size-medium wp-image-78809\" src=\"https:\/\/primicias2262.com\/wp-content\/uploads\/2021\/07\/flia-marcenac-225x300.jpg\" alt=\"\" width=\"225\" height=\"300\" \/><\/a><\/p>\n<p>Vale recordar que el joven necochense Alfredo Marcenac, fue asesinado por Mart\u00edn R\u00edos con disparos de arma de fuego el 6 de julio de 2006 en el barrio porte\u00f1o de Belgrano, lo que dio pie al nacimiento de una larga lucha de la familia de Alfredo que se materializ\u00f3 en la asociaci\u00f3n y en un amplio abordaje hacia la sociedad de la paz y la conflictividad social.<\/p>\n<p>&nbsp;<\/p>\n","protected":false},"excerpt":{"rendered":"<p>En relaci\u00f3n con los hechos de p\u00fablico conocimiento que alertaron a todos los argentinos, la Asociaci\u00f3n Civil \u201cAlfredo Marcenac\u201d reflexion\u00f3 que su lema es \u201cPrevenir para no lamentar\u201d. En un breve comunicado, la asociaci\u00f3n expres\u00f3: \u201cEntendemos que como sociedad prevenir es uno de los desaf\u00edos centrales de la agenda del d\u00eda a d\u00eda a todos [&hellip;]<\/p>\n","protected":false},"author":3,"featured_media":93152,"comment_status":"closed","ping_status":"closed","sticky":false,"template":"","format":"standard","meta":{"footnotes":""},"categories":[3],"tags":[],"class_list":["post-93151","post","type-post","status-publish","format-standard","has-post-thumbnail","category-masnoticias"],"_links":{"self":[{"href":"https:\/\/primicias2262.com\/noticias\/wp-json\/wp\/v2\/posts\/93151","targetHints":{"allow":["GET"]}}],"collection":[{"href":"https:\/\/primicias2262.com\/noticias\/wp-json\/wp\/v2\/posts"}],"about":[{"href":"https:\/\/primicias2262.com\/noticias\/wp-json\/wp\/v2\/types\/post"}],"author":[{"embeddable":true,"href":"https:\/\/primicias2262.com\/noticias\/wp-json\/wp\/v2\/users\/3"}],"replies":[{"embeddable":true,"href":"https:\/\/primicias2262.com\/noticias\/wp-json\/wp\/v2\/comments?post=93151"}],"version-history":[{"count":0,"href":"https:\/\/primicias2262.com\/noticias\/wp-json\/wp\/v2\/posts\/93151\/revisions"}],"wp:attachment":[{"href":"https:\/\/primicias2262.com\/noticias\/wp-json\/wp\/v2\/media?parent=93151"}],"wp:term":[{"taxonomy":"category","embeddable":true,"href":"https:\/\/primicias2262.com\/noticias\/wp-json\/wp\/v2\/categories?post=93151"},{"taxonomy":"post_tag","embeddable":true,"href":"https:\/\/primicias2262.com\/noticias\/wp-json\/wp\/v2\/tags?post=93151"}],"curies":[{"name":"wp","href":"https:\/\/api.w.org\/{rel}","templated":true}]}}