{"id":93156,"date":"2022-09-02T15:20:01","date_gmt":"2022-09-02T18:20:01","guid":{"rendered":"https:\/\/primicias2262.com\/?p=93156"},"modified":"2022-09-02T15:20:01","modified_gmt":"2022-09-02T18:20:01","slug":"fuerte-repudio-del-arco-politico-local-al-ataque-sufrido-por-la-vicepresidenta","status":"publish","type":"post","link":"https:\/\/primicias2262.com\/noticias\/fuerte-repudio-del-arco-politico-local-al-ataque-sufrido-por-la-vicepresidenta\/","title":{"rendered":"Fuerte repudio del arco pol\u00edtico local al ataque sufrido por la vicepresidenta"},"content":{"rendered":"<p>El d\u00eda despu\u00e9s a la noche del terror en Recoleta, con el intento de magnicidio contra la vicepresidenta\u00a0 Cristina Fern\u00e1ndez de Kirchner, que deriv\u00f3 en un decreto presidencial que estableci\u00f3 el feriado nacional de este viernes 2 de septiembre, voces del peronismo local pero tambi\u00e9n de sectores opositores se juntaron para condenar la acci\u00f3n del brasile\u00f1o de 35 a\u00f1os, Fernando Andre Sabag Montiel, e intentar transmitir un mensaje conciliador.<\/p>\n<p>En \u201cVoces de la Ciudad\u201d, el periodista Jorge G\u00f3mez habl\u00f3 sobre el tema con la concejala de la Uni\u00f3n C\u00edvica Radical, Felicitas Cabret\u00f3n; el presidente del Concejo Deliberante, Guillermo S\u00e1nchez; el presidente del Partido Justicialista local, Marcelo Rivero; y el concejal del Frente de Todos y gremialista, Rafael I\u00e1cono.<\/p>\n<p>En primer t\u00e9rmino, Felicitas Cabret\u00f3n afirm\u00f3 que \u201cen lo personal lo siento como un d\u00eda profundamente triste, la situaci\u00f3n que viene viviendo Argentina con la crisis econ\u00f3mica e institucional muestra que la dirigencia pol\u00edtica no ha logrado tomar dimensi\u00f3n de lo que se viene generando de hace muchos meses. Hay una situaci\u00f3n de fuerte irritabilidad de la gente y un caldo de cultivo muy latente, y tanto del lado del oficialismo como de la oposici\u00f3n lo \u00fanico que se ha promovido es m\u00e1s odio, m\u00e1s grieta y m\u00e1s confrontaci\u00f3n\u201d.<\/p>\n<p>\u201cTambi\u00e9n es muy preocupante que a\u00fan con la gravedad del hecho del intento de asesinato de la vicepresidenta de la Naci\u00f3n, las declaraciones posteriores tanto del oficialismo como algunos de la oposici\u00f3n no contribuye no s\u00f3lo a que se tome dimensi\u00f3n de lo que podr\u00edamos estar viviendo hoy, y que si no se ponen a trabajar en lo que realmente necesitan los argentinos, no se va a poder llevar paz a la sociedad\u201d.<\/p>\n<p>A su turno, Guillermo S\u00e1nchez manifest\u00f3: \u201cUno puede pensar de una manera u otra, enojarse y discutir, pero estas cosas ya no pueden suceder m\u00e1s, y tiene que ser un aprendizaje para lo que viene. Los discursos pol\u00edticos violentos de uno u otro lado, o de todos los sectores ya no van m\u00e1s\u201d.<\/p>\n<p>Agreg\u00f3 que \u00aben nuestra ciudad gracias a Dios vivimos en un para\u00edso, y los niveles de discusi\u00f3n nunca llegan a un pico de violencia. No entra en la cabeza de nadie que volvamos a estas situaciones del pasado, ac\u00e1 no hay cuestiones partidarias. Nada justifica un hecho as\u00ed, pero tampoco debe suceder la violencia verbal con que se expresan los dirigentes nacionales\u201d.<\/p>\n<p>Por su parte, el Marcelo Rivero se\u00f1al\u00f3 que \u201clo de anoche fue un hecho grav\u00edsimo y va dirigido no solamente contra la figura de la vicepresidenta Cristina Fern\u00e1ndez de Kirchner, sino tambi\u00e9n contra los millones que ella representa y el sistema democr\u00e1tico, porque uno no puede dejar de imaginar las consecuencias si esos dos intentos de disparo y asesinato hubiesen tenido \u00e9xito\u00bb.<\/p>\n<p>\u00abMerece la condena de todos, independientemente de los sectores pol\u00edticos o sociales a los que pertenezcamos, y merece la condena del ciudadano com\u00fan porque todos queremos vivir en libertad, y significa que tenemos que aprender a respetar al que piensa diferente y que nunca la violencia llevada al extremo, como en este caso, puede hacer acallar el pensamiento de una persona o de millones\u00bb, puntualiz\u00f3.<\/p>\n<p>Finalmente, Rafael I\u00e1cono reflexion\u00f3 que \u201cme parece totalmente una locura que est\u00e9 pasando esto, sabemos de todo el da\u00f1o que le est\u00e1n haciendo a este gobierno con los medios de comunicaci\u00f3n, que generan violencia. Me parece que la mejor forma de solucionar todo esto que est\u00e1 pasando es a trav\u00e9s del di\u00e1logo, sentarse a debatir y generar proyectos, no de esta manera de ir con un arma y tratar de matar a la vicepresidenta o a cualquier ciudadano, no es la forma\u00bb.<\/p>\n<p>\u00abLe puede pasar a cualquier dirigente as\u00ed que me parece que hay que bajar un cambio y sentarse a dialogar lo mejor posible, porque esta manera no te lleva a ning\u00fan lado y genera todav\u00eda m\u00e1s violencia\u201d, manifest\u00f3.<\/p>\n","protected":false},"excerpt":{"rendered":"<p>El d\u00eda despu\u00e9s a la noche del terror en Recoleta, con el intento de magnicidio contra la vicepresidenta\u00a0 Cristina Fern\u00e1ndez de Kirchner, que deriv\u00f3 en un decreto presidencial que estableci\u00f3 el feriado nacional de este viernes 2 de septiembre, voces del peronismo local pero tambi\u00e9n de sectores opositores se juntaron para condenar la acci\u00f3n del [&hellip;]<\/p>\n","protected":false},"author":3,"featured_media":93137,"comment_status":"closed","ping_status":"closed","sticky":false,"template":"","format":"standard","meta":{"footnotes":""},"categories":[3],"tags":[],"class_list":["post-93156","post","type-post","status-publish","format-standard","has-post-thumbnail","category-masnoticias"],"_links":{"self":[{"href":"https:\/\/primicias2262.com\/noticias\/wp-json\/wp\/v2\/posts\/93156","targetHints":{"allow":["GET"]}}],"collection":[{"href":"https:\/\/primicias2262.com\/noticias\/wp-json\/wp\/v2\/posts"}],"about":[{"href":"https:\/\/primicias2262.com\/noticias\/wp-json\/wp\/v2\/types\/post"}],"author":[{"embeddable":true,"href":"https:\/\/primicias2262.com\/noticias\/wp-json\/wp\/v2\/users\/3"}],"replies":[{"embeddable":true,"href":"https:\/\/primicias2262.com\/noticias\/wp-json\/wp\/v2\/comments?post=93156"}],"version-history":[{"count":0,"href":"https:\/\/primicias2262.com\/noticias\/wp-json\/wp\/v2\/posts\/93156\/revisions"}],"wp:attachment":[{"href":"https:\/\/primicias2262.com\/noticias\/wp-json\/wp\/v2\/media?parent=93156"}],"wp:term":[{"taxonomy":"category","embeddable":true,"href":"https:\/\/primicias2262.com\/noticias\/wp-json\/wp\/v2\/categories?post=93156"},{"taxonomy":"post_tag","embeddable":true,"href":"https:\/\/primicias2262.com\/noticias\/wp-json\/wp\/v2\/tags?post=93156"}],"curies":[{"name":"wp","href":"https:\/\/api.w.org\/{rel}","templated":true}]}}