{"id":93173,"date":"2022-09-02T16:26:01","date_gmt":"2022-09-02T19:26:01","guid":{"rendered":"https:\/\/primicias2262.com\/?p=93173"},"modified":"2022-09-02T16:26:01","modified_gmt":"2022-09-02T19:26:01","slug":"municipales-condenaron-el-atentado-y-llamaron-a-la-reflexion","status":"publish","type":"post","link":"https:\/\/primicias2262.com\/noticias\/municipales-condenaron-el-atentado-y-llamaron-a-la-reflexion\/","title":{"rendered":"Municipales condenaron el atentado y llamaron a la reflexi\u00f3n"},"content":{"rendered":"<p>El Sindicato de Trabajadores Municipales de Necochea repudi\u00f3 el hecho lamentable ocurrido este jueves en el intento de magnicidio a la vicepresidenta Cristina Fern\u00e1ndez de Kirchner, al se\u00f1alar que \u00abm\u00e1s all\u00e1 de las ideas pol\u00edticas de cada argentino, no se pueden permitir m\u00e1s actos de esta naturaleza que ponen en juego la paz social y la democracia de nuestro pa\u00eds\u00bb.<\/p>\n<p>Asimismo, el gremio llam\u00f3 a \u00abla reflexi\u00f3n de todos los dirigentes de nuestro pa\u00eds y a los medios de comunicaci\u00f3n para trabajar en pos de la convivencia pol\u00edtica y garantizar la libertad y la democracia\u00bb-<\/p>\n<p>Por su parte, el secretario general de la Confederaci\u00f3n de Trabajadores Municipales de la Rep\u00fablica Argentina, H\u00e9ctor Rub\u00e9n Garc\u00eda, expres\u00f3 su repudio ante \u00abel cobarde atentado del cual ha sido v\u00edctima la vicepresidenta Cristina Fern\u00e1ndez de Kirchner\u00bb.<\/p>\n<p>\u00abManifiesto mi solidaridad personal e institucional con Cristina, convocando a mantener la alerta y la vigilia militante, prudente, pero con firmeza en defensa de nuestra compa\u00f1era y de la democracia\u00bb, se\u00f1al\u00f3.<\/p>\n","protected":false},"excerpt":{"rendered":"<p>El Sindicato de Trabajadores Municipales de Necochea repudi\u00f3 el hecho lamentable ocurrido este jueves en el intento de magnicidio a la vicepresidenta Cristina Fern\u00e1ndez de Kirchner, al se\u00f1alar que \u00abm\u00e1s all\u00e1 de las ideas pol\u00edticas de cada argentino, no se pueden permitir m\u00e1s actos de esta naturaleza que ponen en juego la paz social y [&hellip;]<\/p>\n","protected":false},"author":3,"featured_media":93174,"comment_status":"closed","ping_status":"closed","sticky":false,"template":"","format":"standard","meta":{"footnotes":""},"categories":[3],"tags":[],"class_list":["post-93173","post","type-post","status-publish","format-standard","has-post-thumbnail","category-masnoticias"],"_links":{"self":[{"href":"https:\/\/primicias2262.com\/noticias\/wp-json\/wp\/v2\/posts\/93173","targetHints":{"allow":["GET"]}}],"collection":[{"href":"https:\/\/primicias2262.com\/noticias\/wp-json\/wp\/v2\/posts"}],"about":[{"href":"https:\/\/primicias2262.com\/noticias\/wp-json\/wp\/v2\/types\/post"}],"author":[{"embeddable":true,"href":"https:\/\/primicias2262.com\/noticias\/wp-json\/wp\/v2\/users\/3"}],"replies":[{"embeddable":true,"href":"https:\/\/primicias2262.com\/noticias\/wp-json\/wp\/v2\/comments?post=93173"}],"version-history":[{"count":0,"href":"https:\/\/primicias2262.com\/noticias\/wp-json\/wp\/v2\/posts\/93173\/revisions"}],"wp:attachment":[{"href":"https:\/\/primicias2262.com\/noticias\/wp-json\/wp\/v2\/media?parent=93173"}],"wp:term":[{"taxonomy":"category","embeddable":true,"href":"https:\/\/primicias2262.com\/noticias\/wp-json\/wp\/v2\/categories?post=93173"},{"taxonomy":"post_tag","embeddable":true,"href":"https:\/\/primicias2262.com\/noticias\/wp-json\/wp\/v2\/tags?post=93173"}],"curies":[{"name":"wp","href":"https:\/\/api.w.org\/{rel}","templated":true}]}}