{"id":93176,"date":"2022-09-02T16:50:57","date_gmt":"2022-09-02T19:50:57","guid":{"rendered":"https:\/\/primicias2262.com\/?p=93176"},"modified":"2022-09-02T16:50:57","modified_gmt":"2022-09-02T19:50:57","slug":"como-en-todo-el-pais-tambien-se-realizo-una-movilizacion-en-nuestra-ciudad","status":"publish","type":"post","link":"https:\/\/primicias2262.com\/noticias\/como-en-todo-el-pais-tambien-se-realizo-una-movilizacion-en-nuestra-ciudad\/","title":{"rendered":"Como en todo el pa\u00eds, tambi\u00e9n se realiz\u00f3 una movilizaci\u00f3n en nuestra ciudad"},"content":{"rendered":"<p>Como ocurri\u00f3 en distintos puntos del pa\u00eds, dirigentes de la recientemente normalizada CGT Regional Necochea, de la CTA, de organizaciones sociales y militantes de distintos espacios pol\u00edticos se movilizaron hasta la Plaza Dardo Rocha y luego se concentraron frente al Palacio Municipal para expresar su repudio por el ataque perpetrado contra Cristina Fern\u00e1ndez de Kirchner.<\/p>\n<p><a href=\"https:\/\/primicias2262.com\/wp-content\/uploads\/2022\/09\/Marcha-3.jpeg\"><img loading=\"lazy\" decoding=\"async\" class=\"alignright size-medium wp-image-93178\" src=\"https:\/\/primicias2262.com\/wp-content\/uploads\/2022\/09\/Marcha-3-300x300.jpeg\" alt=\"\" width=\"300\" height=\"300\" \/><\/a><\/p>\n<p>En las primeras horas de la tarde de este viernes se pudieron observar nutridas columnas de manifestantes con banderas y pancartas, quienes expresaron su solidaridad con la vicepresidenta a trav\u00e9s de diferentes documentos, dado que en la plaza s\u00f3lo se efectu\u00f3 una concentraci\u00f3n sin discursos de los dirigentes.<\/p>\n<p>Consultado por este medio, un dirigente cegetista expres\u00f3 que \u00abestamos adhiriendo a las movilizaciones que se realizan en todo el pa\u00eds en defensa de la democracia y de solidaridad con la compa\u00f1era Cristina Fern\u00e1ndez de Kirchner\u00bb.<\/p>\n<p><a href=\"https:\/\/primicias2262.com\/wp-content\/uploads\/2022\/09\/Marcha-4.jpeg\"><img loading=\"lazy\" decoding=\"async\" class=\"aligncenter size-full wp-image-93179\" src=\"https:\/\/primicias2262.com\/wp-content\/uploads\/2022\/09\/Marcha-4.jpeg\" alt=\"\" width=\"897\" height=\"812\" \/><\/a><\/p>\n<p>\u00abBasta de odio y de violencia\u00bb pidi\u00f3 para luego destacar \u00abque es importante la presencia de los trabajadores y que pongamos un l\u00edmite a la violencia porque esto es una locura total\u00bb.<\/p>\n<p><a href=\"https:\/\/primicias2262.com\/wp-content\/uploads\/2022\/09\/Marcha-2.jpeg\"><img loading=\"lazy\" decoding=\"async\" class=\"aligncenter size-full wp-image-93180\" src=\"https:\/\/primicias2262.com\/wp-content\/uploads\/2022\/09\/Marcha-2.jpeg\" alt=\"\" width=\"1280\" height=\"751\" \/><\/a><\/p>\n<p><strong>FOTOS: Estefan\u00eda Dray y CGT Regional Necochea<\/strong><\/p>\n","protected":false},"excerpt":{"rendered":"<p>Como ocurri\u00f3 en distintos puntos del pa\u00eds, dirigentes de la recientemente normalizada CGT Regional Necochea, de la CTA, de organizaciones sociales y militantes de distintos espacios pol\u00edticos se movilizaron hasta la Plaza Dardo Rocha y luego se concentraron frente al Palacio Municipal para expresar su repudio por el ataque perpetrado contra Cristina Fern\u00e1ndez de Kirchner. [&hellip;]<\/p>\n","protected":false},"author":3,"featured_media":93177,"comment_status":"closed","ping_status":"closed","sticky":false,"template":"","format":"standard","meta":{"footnotes":""},"categories":[3],"tags":[],"class_list":["post-93176","post","type-post","status-publish","format-standard","has-post-thumbnail","category-masnoticias"],"_links":{"self":[{"href":"https:\/\/primicias2262.com\/noticias\/wp-json\/wp\/v2\/posts\/93176","targetHints":{"allow":["GET"]}}],"collection":[{"href":"https:\/\/primicias2262.com\/noticias\/wp-json\/wp\/v2\/posts"}],"about":[{"href":"https:\/\/primicias2262.com\/noticias\/wp-json\/wp\/v2\/types\/post"}],"author":[{"embeddable":true,"href":"https:\/\/primicias2262.com\/noticias\/wp-json\/wp\/v2\/users\/3"}],"replies":[{"embeddable":true,"href":"https:\/\/primicias2262.com\/noticias\/wp-json\/wp\/v2\/comments?post=93176"}],"version-history":[{"count":0,"href":"https:\/\/primicias2262.com\/noticias\/wp-json\/wp\/v2\/posts\/93176\/revisions"}],"wp:attachment":[{"href":"https:\/\/primicias2262.com\/noticias\/wp-json\/wp\/v2\/media?parent=93176"}],"wp:term":[{"taxonomy":"category","embeddable":true,"href":"https:\/\/primicias2262.com\/noticias\/wp-json\/wp\/v2\/categories?post=93176"},{"taxonomy":"post_tag","embeddable":true,"href":"https:\/\/primicias2262.com\/noticias\/wp-json\/wp\/v2\/tags?post=93176"}],"curies":[{"name":"wp","href":"https:\/\/api.w.org\/{rel}","templated":true}]}}