{"id":93196,"date":"2022-09-03T15:23:25","date_gmt":"2022-09-03T18:23:25","guid":{"rendered":"https:\/\/primicias2262.com\/?p=93196"},"modified":"2022-09-03T15:23:25","modified_gmt":"2022-09-03T18:23:25","slug":"martin-migueles-en-caba-junto-a-quiroz-y-crescenti","status":"publish","type":"post","link":"https:\/\/primicias2262.com\/noticias\/martin-migueles-en-caba-junto-a-quiroz-y-crescenti\/","title":{"rendered":"Mart\u00edn Migueles en CABA  junto a Quiroz y Crescenti"},"content":{"rendered":"<p>El precandidato a intendente de Necochea por el PRO, doctor Mart\u00edn Migueles, en Buenos Aires, donde departi\u00f3 con el ministro de Salud porte\u00f1o, Fern\u00e1n Quiroz, y con el responsable del SAME, el conocido Alberto Crescenti.<\/p>\n<p>Junto a otros dirigentes de la Provincia de Buenos Aires se interioriz\u00f3 de la atenci\u00f3n sanitaria que ofrece la CABA a sus vecinos.<\/p>\n","protected":false},"excerpt":{"rendered":"<p>El precandidato a intendente de Necochea por el PRO, doctor Mart\u00edn Migueles, en Buenos Aires, donde departi\u00f3 con el ministro de Salud porte\u00f1o, Fern\u00e1n Quiroz, y con el responsable del SAME, el conocido Alberto Crescenti. Junto a otros dirigentes de la Provincia de Buenos Aires se interioriz\u00f3 de la atenci\u00f3n sanitaria que ofrece la CABA [&hellip;]<\/p>\n","protected":false},"author":3,"featured_media":93197,"comment_status":"closed","ping_status":"closed","sticky":false,"template":"","format":"standard","meta":{"footnotes":""},"categories":[3],"tags":[],"class_list":["post-93196","post","type-post","status-publish","format-standard","has-post-thumbnail","category-masnoticias"],"_links":{"self":[{"href":"https:\/\/primicias2262.com\/noticias\/wp-json\/wp\/v2\/posts\/93196","targetHints":{"allow":["GET"]}}],"collection":[{"href":"https:\/\/primicias2262.com\/noticias\/wp-json\/wp\/v2\/posts"}],"about":[{"href":"https:\/\/primicias2262.com\/noticias\/wp-json\/wp\/v2\/types\/post"}],"author":[{"embeddable":true,"href":"https:\/\/primicias2262.com\/noticias\/wp-json\/wp\/v2\/users\/3"}],"replies":[{"embeddable":true,"href":"https:\/\/primicias2262.com\/noticias\/wp-json\/wp\/v2\/comments?post=93196"}],"version-history":[{"count":0,"href":"https:\/\/primicias2262.com\/noticias\/wp-json\/wp\/v2\/posts\/93196\/revisions"}],"wp:attachment":[{"href":"https:\/\/primicias2262.com\/noticias\/wp-json\/wp\/v2\/media?parent=93196"}],"wp:term":[{"taxonomy":"category","embeddable":true,"href":"https:\/\/primicias2262.com\/noticias\/wp-json\/wp\/v2\/categories?post=93196"},{"taxonomy":"post_tag","embeddable":true,"href":"https:\/\/primicias2262.com\/noticias\/wp-json\/wp\/v2\/tags?post=93196"}],"curies":[{"name":"wp","href":"https:\/\/api.w.org\/{rel}","templated":true}]}}