{"id":93199,"date":"2022-09-03T15:28:49","date_gmt":"2022-09-03T18:28:49","guid":{"rendered":"https:\/\/primicias2262.com\/?p=93199"},"modified":"2022-09-03T15:28:49","modified_gmt":"2022-09-03T18:28:49","slug":"se-viene-la-tercera-y-ultima-edicion-del-programa-emprender","status":"publish","type":"post","link":"https:\/\/primicias2262.com\/noticias\/se-viene-la-tercera-y-ultima-edicion-del-programa-emprender\/","title":{"rendered":"Se viene la tercera y \u00faltima edici\u00f3n del Programa Emprender"},"content":{"rendered":"<p><strong><a href=\"https:\/\/primicias2262.com\/wp-content\/uploads\/2022\/09\/Placa.png\"><img loading=\"lazy\" decoding=\"async\" class=\"alignright size-medium wp-image-93200\" src=\"https:\/\/primicias2262.com\/wp-content\/uploads\/2022\/09\/Placa-300x300.png\" alt=\"\" width=\"300\" height=\"300\" \/><\/a>Dictada por reconocidos profesionales de cada rama, la capacitaci\u00f3n integral tiene por objetivo brindar conocimientos y herramientas a quienes se encuentran iniciando su camino en la autogesti\u00f3n de un negocio. El curso comenzar\u00e1 el 4 de octubre, pero la inscripci\u00f3n estar\u00e1 abierta hasta el 23 de septiembre.<\/strong><\/p>\n<p>La Secretar\u00eda de Turismo y Desarrollo Productivo de la Municipalidad de Necochea lanz\u00f3 una nueva convocatoria destinada a aquellas personas que se encuentran iniciando su camino en la autogesti\u00f3n de un negocio, con el objetivo de brindarles todos los conocimientos y herramientas b\u00e1sicas para que su proyecto pueda desarrollarse y sea sostenible en el tiempo.<\/p>\n<p>En este caso, el llamado es para ser part\u00edcipe de la tercera y \u00faltima edici\u00f3n anua del Programa Emprender, un ciclo a trav\u00e9s del cual se busca brindar formaci\u00f3n integral, intensiva y gratuita abarcando distintas tem\u00e1ticas de vital importancia para este sector, tales como como el desarrollo de la idea, la planificaci\u00f3n del proyecto, la construcci\u00f3n de la marca, los aspectos contables y legales o la etapa final de comercializaci\u00f3n del producto o servicio.<\/p>\n<p>El inicio de la capacitaci\u00f3n ser\u00e1 el pr\u00f3ximo 4 de octubre, en el marco de los festejos por el 141\u00ba Aniversario de Necochea, con una docena de encuentros presenciales a realizarse cada martes y jueves hasta mediados de noviembre, en el horario de 17 a 19.<\/p>\n<p>Con respecto al contenido del curso, que se dicta bajo la modalidad presencial y es financiado con fondos municipales, estar\u00e1 dividido en 6 m\u00f3dulos: el primero ser\u00e1 sobre la Planificaci\u00f3n, ahondando en el desarrollo de conceptos b\u00e1sicos, el an\u00e1lisis de viabilidad y factibilidad, y los estudios de mercado y t\u00e9cnico. En una segunda etapa se abarcar\u00e1 la Construcci\u00f3n y Gesti\u00f3n de Marca, definiendo estrategias, identidad, posicionamiento y herramientas de comunicaci\u00f3n. El m\u00f3dulo tres versar\u00e1 sobre Dise\u00f1o, Comunicaci\u00f3n Visual e Introducci\u00f3n a las Redes Sociales, instruyendo sobre elementos del lenguaje visual, logos, tipograf\u00edas y paletas de colores, las claves de la comunicaci\u00f3n, la generaci\u00f3n de contenido, la planificaci\u00f3n y las estrategias, adem\u00e1s de conceptos sobre fotograf\u00eda.<\/p>\n<p>En la segunda mitad del curso, las \u00faltimas tres partes rondar\u00e1n en torno a la Asesor\u00eda Impositiva, con datos espec\u00edficos acerca de los reg\u00edmenes, facturaci\u00f3n y tr\u00e1mites; la Asesor\u00eda de Contabilidad y Gesti\u00f3n, para ayudar a calcular el precio de los productos o servicios, costos, m\u00e1rgenes de ganancias y an\u00e1lisis del mercado; y E-Commerce, Venta Online y Comercio Electr\u00f3nico, planteando definiciones y conceptos generales, primero, y otras orientaciones m\u00e1s espec\u00edficas luego.<\/p>\n<p>Recordando que el dictado de las unidades depende de profesionales de cada rama y que el proceso de elecci\u00f3n de los participantes estar\u00e1 a cargo de la propia Secretar\u00eda, en torno a la viabilidad de los proyectos presentados por los preinscriptos y otras variables, los interesados pueden anotarse completando un peque\u00f1o formulario en el link https:\/\/bit.ly\/Emprender322, hasta el viernes 23 de septiembre, inclusive.<\/p>\n","protected":false},"excerpt":{"rendered":"<p>Dictada por reconocidos profesionales de cada rama, la capacitaci\u00f3n integral tiene por objetivo brindar conocimientos y herramientas a quienes se encuentran iniciando su camino en la autogesti\u00f3n de un negocio. El curso comenzar\u00e1 el 4 de octubre, pero la inscripci\u00f3n estar\u00e1 abierta hasta el 23 de septiembre. La Secretar\u00eda de Turismo y Desarrollo Productivo de [&hellip;]<\/p>\n","protected":false},"author":3,"featured_media":93201,"comment_status":"closed","ping_status":"closed","sticky":false,"template":"","format":"standard","meta":{"footnotes":""},"categories":[3],"tags":[],"class_list":["post-93199","post","type-post","status-publish","format-standard","has-post-thumbnail","category-masnoticias"],"_links":{"self":[{"href":"https:\/\/primicias2262.com\/noticias\/wp-json\/wp\/v2\/posts\/93199","targetHints":{"allow":["GET"]}}],"collection":[{"href":"https:\/\/primicias2262.com\/noticias\/wp-json\/wp\/v2\/posts"}],"about":[{"href":"https:\/\/primicias2262.com\/noticias\/wp-json\/wp\/v2\/types\/post"}],"author":[{"embeddable":true,"href":"https:\/\/primicias2262.com\/noticias\/wp-json\/wp\/v2\/users\/3"}],"replies":[{"embeddable":true,"href":"https:\/\/primicias2262.com\/noticias\/wp-json\/wp\/v2\/comments?post=93199"}],"version-history":[{"count":0,"href":"https:\/\/primicias2262.com\/noticias\/wp-json\/wp\/v2\/posts\/93199\/revisions"}],"wp:attachment":[{"href":"https:\/\/primicias2262.com\/noticias\/wp-json\/wp\/v2\/media?parent=93199"}],"wp:term":[{"taxonomy":"category","embeddable":true,"href":"https:\/\/primicias2262.com\/noticias\/wp-json\/wp\/v2\/categories?post=93199"},{"taxonomy":"post_tag","embeddable":true,"href":"https:\/\/primicias2262.com\/noticias\/wp-json\/wp\/v2\/tags?post=93199"}],"curies":[{"name":"wp","href":"https:\/\/api.w.org\/{rel}","templated":true}]}}