{"id":93203,"date":"2022-09-03T10:19:24","date_gmt":"2022-09-03T13:19:24","guid":{"rendered":"https:\/\/primicias2262.com\/?p=93203"},"modified":"2022-09-03T10:19:24","modified_gmt":"2022-09-03T13:19:24","slug":"julio-perez-veterano-periodista-de-necochea-fallecio-a-los-90-anos","status":"publish","type":"post","link":"https:\/\/primicias2262.com\/noticias\/julio-perez-veterano-periodista-de-necochea-fallecio-a-los-90-anos\/","title":{"rendered":"Julio P\u00e9rez, veterano periodista de Necochea, falleci\u00f3 a los 90 a\u00f1os"},"content":{"rendered":"<p>A los 90 a\u00f1os de edad falleci\u00f3 este pasado viernes el veterano periodista necochense Julio P\u00e9rez, de dilatada y respetada trayectoria en diversos medios locales y zonales.<\/p>\n<p>Tal lo confirmado por colegas que compartieron tareas en sus numerosas etapas de su labor profesional.<\/p>\n<p>El respectivo parte f\u00fanebre se conoci\u00f3 este s\u00e1bado 3 de septiembre. P\u00e9same y condolencias a sus familiares y amigos. Y una oraci\u00f3n a su memoria.<\/p>\n","protected":false},"excerpt":{"rendered":"<p>A los 90 a\u00f1os de edad falleci\u00f3 este pasado viernes el veterano periodista necochense Julio P\u00e9rez, de dilatada y respetada trayectoria en diversos medios locales y zonales. Tal lo confirmado por colegas que compartieron tareas en sus numerosas etapas de su labor profesional. El respectivo parte f\u00fanebre se conoci\u00f3 este s\u00e1bado 3 de septiembre. P\u00e9same [&hellip;]<\/p>\n","protected":false},"author":3,"featured_media":93204,"comment_status":"closed","ping_status":"closed","sticky":false,"template":"","format":"standard","meta":{"footnotes":""},"categories":[3],"tags":[],"class_list":["post-93203","post","type-post","status-publish","format-standard","has-post-thumbnail","category-masnoticias"],"_links":{"self":[{"href":"https:\/\/primicias2262.com\/noticias\/wp-json\/wp\/v2\/posts\/93203","targetHints":{"allow":["GET"]}}],"collection":[{"href":"https:\/\/primicias2262.com\/noticias\/wp-json\/wp\/v2\/posts"}],"about":[{"href":"https:\/\/primicias2262.com\/noticias\/wp-json\/wp\/v2\/types\/post"}],"author":[{"embeddable":true,"href":"https:\/\/primicias2262.com\/noticias\/wp-json\/wp\/v2\/users\/3"}],"replies":[{"embeddable":true,"href":"https:\/\/primicias2262.com\/noticias\/wp-json\/wp\/v2\/comments?post=93203"}],"version-history":[{"count":0,"href":"https:\/\/primicias2262.com\/noticias\/wp-json\/wp\/v2\/posts\/93203\/revisions"}],"wp:attachment":[{"href":"https:\/\/primicias2262.com\/noticias\/wp-json\/wp\/v2\/media?parent=93203"}],"wp:term":[{"taxonomy":"category","embeddable":true,"href":"https:\/\/primicias2262.com\/noticias\/wp-json\/wp\/v2\/categories?post=93203"},{"taxonomy":"post_tag","embeddable":true,"href":"https:\/\/primicias2262.com\/noticias\/wp-json\/wp\/v2\/tags?post=93203"}],"curies":[{"name":"wp","href":"https:\/\/api.w.org\/{rel}","templated":true}]}}