{"id":93209,"date":"2022-09-03T20:38:40","date_gmt":"2022-09-03T23:38:40","guid":{"rendered":"https:\/\/primicias2262.com\/?p=93209"},"modified":"2022-09-03T20:38:40","modified_gmt":"2022-09-03T23:38:40","slug":"el-intendente-rojas-participo-del-iii-congreso-buenos-aires-primero","status":"publish","type":"post","link":"https:\/\/primicias2262.com\/noticias\/el-intendente-rojas-participo-del-iii-congreso-buenos-aires-primero\/","title":{"rendered":"El intendente Rojas particip\u00f3 del III Congreso Buenos Aires Primero"},"content":{"rendered":"<p><strong>Se llev\u00f3 a cabo este s\u00e1bado 3 de septiembre en Chivilcoy, siendo anfitri\u00f3n el jefe comunal de aquel distrito, Guillermo Britos. Tomaron parte intendentes y representantes de partidos vecinales de la Provincia de Buenos Aires. <\/strong><\/p>\n<p><strong><a href=\"https:\/\/primicias2262.com\/wp-content\/uploads\/2021\/08\/Gomez.jpg\"><img loading=\"lazy\" decoding=\"async\" class=\"alignleft size-medium wp-image-80409\" src=\"https:\/\/primicias2262.com\/wp-content\/uploads\/2021\/08\/Gomez-269x300.jpg\" alt=\"\" width=\"269\" height=\"300\" \/><\/a>Por Jorge G\u00f3mez<\/strong><\/p>\n<p>Se realiz\u00f3 este s\u00e1bado el III Congreso de Buenos Aires Primero, \u201cen el marco de seguir construyendo y trabajando desde el vecinalismo para los vecinos y vecinas de la Provincia de Buenos Aires\u201d, se inform\u00f3.<\/p>\n<p>Y se a\u00f1adi\u00f3 que \u201cintendentes, concejales, funcionarios y referentes de m\u00e1s de 30 delegaciones provinciales se hicieron presentes\u201d, entre ellos el jefe comunal de Necochea y miembro del partido vecinal Nueva Necochea, doctor Arturo Rojas, quien viaj\u00f3 acompa\u00f1ado, entre otros, por el presidente del bloque de concejales de este espacio, doctor Marcelo Schwarz y por el edil Jorge Mart\u00ednez.<\/p>\n<p>Adem\u00e1s del intendente de Chivilcoy Guillermo Britos, se observ\u00f3 la presencia de una delegaci\u00f3n de Villarino y de referentes de Acci\u00f3n por Villarino, que tiene como titular municipal a Carlos Bevilacqua; y una comitiva de la Uni\u00f3n Vecinal que tiene como intendente a Juan Nosetti.<\/p>\n<p><a href=\"https:\/\/primicias2262.com\/wp-content\/uploads\/2022\/09\/WhatsApp-Image-2022-09-03-at-8.07.22-PM-1.jpeg\"><img loading=\"lazy\" decoding=\"async\" class=\"aligncenter size-full wp-image-93211\" src=\"https:\/\/primicias2262.com\/wp-content\/uploads\/2022\/09\/WhatsApp-Image-2022-09-03-at-8.07.22-PM-1.jpeg\" alt=\"\" width=\"1024\" height=\"642\" \/><\/a><\/p>\n<p>\u201cEn un contexto de tanta divisi\u00f3n y enfrentamiento social, nos reunirnos para fortalecer el vecinalismo bonaerense y proponer proyectos concretos en pos de solucionar los problemas diarios de nuestros vecinos y vecinas. Desde la cercan\u00eda, brindar respuestas. Ese es nuestro motor\u201d, se puntualiz\u00f3, entre otros conceptos, al t\u00e9rmino de las deliberaciones.<\/p>\n","protected":false},"excerpt":{"rendered":"<p>Se llev\u00f3 a cabo este s\u00e1bado 3 de septiembre en Chivilcoy, siendo anfitri\u00f3n el jefe comunal de aquel distrito, Guillermo Britos. Tomaron parte intendentes y representantes de partidos vecinales de la Provincia de Buenos Aires. Por Jorge G\u00f3mez Se realiz\u00f3 este s\u00e1bado el III Congreso de Buenos Aires Primero, \u201cen el marco de seguir construyendo [&hellip;]<\/p>\n","protected":false},"author":3,"featured_media":93210,"comment_status":"closed","ping_status":"closed","sticky":false,"template":"","format":"standard","meta":{"footnotes":""},"categories":[3],"tags":[],"class_list":["post-93209","post","type-post","status-publish","format-standard","has-post-thumbnail","category-masnoticias"],"_links":{"self":[{"href":"https:\/\/primicias2262.com\/noticias\/wp-json\/wp\/v2\/posts\/93209","targetHints":{"allow":["GET"]}}],"collection":[{"href":"https:\/\/primicias2262.com\/noticias\/wp-json\/wp\/v2\/posts"}],"about":[{"href":"https:\/\/primicias2262.com\/noticias\/wp-json\/wp\/v2\/types\/post"}],"author":[{"embeddable":true,"href":"https:\/\/primicias2262.com\/noticias\/wp-json\/wp\/v2\/users\/3"}],"replies":[{"embeddable":true,"href":"https:\/\/primicias2262.com\/noticias\/wp-json\/wp\/v2\/comments?post=93209"}],"version-history":[{"count":0,"href":"https:\/\/primicias2262.com\/noticias\/wp-json\/wp\/v2\/posts\/93209\/revisions"}],"wp:attachment":[{"href":"https:\/\/primicias2262.com\/noticias\/wp-json\/wp\/v2\/media?parent=93209"}],"wp:term":[{"taxonomy":"category","embeddable":true,"href":"https:\/\/primicias2262.com\/noticias\/wp-json\/wp\/v2\/categories?post=93209"},{"taxonomy":"post_tag","embeddable":true,"href":"https:\/\/primicias2262.com\/noticias\/wp-json\/wp\/v2\/tags?post=93209"}],"curies":[{"name":"wp","href":"https:\/\/api.w.org\/{rel}","templated":true}]}}