{"id":93224,"date":"2022-09-04T13:56:17","date_gmt":"2022-09-04T16:56:17","guid":{"rendered":"https:\/\/primicias2262.com\/?p=93224"},"modified":"2022-09-04T13:56:17","modified_gmt":"2022-09-04T16:56:17","slug":"la-parroquia-del-santa-maria-del-carmen-cumple-anos-este-domingo-4-de-septiembre","status":"publish","type":"post","link":"https:\/\/primicias2262.com\/noticias\/la-parroquia-del-santa-maria-del-carmen-cumple-anos-este-domingo-4-de-septiembre\/","title":{"rendered":"La Parroquia del Santa Mar\u00eda del Carmen cumple a\u00f1os este domingo 4 de septiembre"},"content":{"rendered":"<p>La fundaci\u00f3n de la Parroquia Nuestra Se\u00f1ora del Carmen se produjo el 4 de septiembre del 1883, \u201cen el principio fue una capilla levantada en una peque\u00f1a parcela de tierra, que se reserv\u00f3 en las primeras mensuras dentro de las 256 manzanas que, juntamente con las 235 quintas y 164 chacras, constitu\u00edan en ese entonces el ejido del pueblo de Necochea\u201d.<\/p>\n<p>Tal lo que se\u00f1ala el estimado An\u00edbal D\u00edaz, en un muro de la red social Facebook, que incorpora adem\u00e1s fotos antiguas.<\/p>\n<p>De acuerdo a la cr\u00f3nica, \u201cla capilla fue construida a pedido de tantos nuevos vecinos que aflu\u00edan de la campa\u00f1a y otros puntos para afincarse en su promisoria \u2018xinconada\u2019 del Quequ\u00e9n; y fue un\u00e1nime el deseo de que se concretara tan noble aspiraci\u00f3n\u201d.<br \/>\nLos vecinos donaron los elementos para construir el primer templo.<\/p>\n<p>El edificio ten\u00eda 8 metros de frente por 25 metros de fondo. Poco despu\u00e9s se decidi\u00f3 construir un edificio acorde a la importancia que iba adquiriendo la ciudad.<\/p>\n<p>El mentor de aquella obra fue el sacerdote italiano Pascual Quercia, que se hab\u00eda hecho cargo de la parroquia en 1894.<\/p>\n<p>La edificaci\u00f3n del nuevo templo comenz\u00f3 el 6 de julio de 1897, a\u00f1o en que el presb\u00edtero Antonio Bernardi tom\u00f3 posesi\u00f3n de la parroquia. La se\u00f1ora Margarita V. de Pieres coste\u00f3 el contrapiso del nuevo templo.<\/p>\n<p>Tambi\u00e9n colaboraron en la construcci\u00f3n la Municipalidad, Eduardo Pieres, Alberto Nazarre, do\u00f1a Baudilla Facio de V\u00e1zquez, Amadeo Mu\u00f1oz, Federico Trelles y Cayetano Domaica.<br \/>\nOtros aportaron dinero y otros elementos.<\/p>\n<p>En tanto, el gobierno (se presume nacional) abon\u00f3 el flete del nuevo altar mayor desde la Estaci\u00f3n Plaza Constituci\u00f3n hasta Necochea.<\/p>\n<p>Precisamente el p\u00e1rroco Bernardi inaugur\u00f3 el altar mayor del nuevo templo en 1889 y la primitiva casa parroquial.<\/p>\n<p>Sin embargo, se debi\u00f3 aguardar hasta 1904 para que el sue\u00f1o impulsado por el cura Quercia se hiciera realidad.<\/p>\n<p>En aquel a\u00f1o se inaugur\u00f3 finalmente el nuevo templo.<\/p>\n<p>Entonces se encontraba al frente de la iglesia local el sacerdote Jos\u00e9 R. Pando, quien impuls\u00f3 la construcci\u00f3n de una nueva casa parroquial\u201d.<\/p>\n","protected":false},"excerpt":{"rendered":"<p>La fundaci\u00f3n de la Parroquia Nuestra Se\u00f1ora del Carmen se produjo el 4 de septiembre del 1883, \u201cen el principio fue una capilla levantada en una peque\u00f1a parcela de tierra, que se reserv\u00f3 en las primeras mensuras dentro de las 256 manzanas que, juntamente con las 235 quintas y 164 chacras, constitu\u00edan en ese entonces [&hellip;]<\/p>\n","protected":false},"author":3,"featured_media":93225,"comment_status":"closed","ping_status":"closed","sticky":false,"template":"","format":"standard","meta":{"footnotes":""},"categories":[3],"tags":[],"class_list":["post-93224","post","type-post","status-publish","format-standard","has-post-thumbnail","category-masnoticias"],"_links":{"self":[{"href":"https:\/\/primicias2262.com\/noticias\/wp-json\/wp\/v2\/posts\/93224","targetHints":{"allow":["GET"]}}],"collection":[{"href":"https:\/\/primicias2262.com\/noticias\/wp-json\/wp\/v2\/posts"}],"about":[{"href":"https:\/\/primicias2262.com\/noticias\/wp-json\/wp\/v2\/types\/post"}],"author":[{"embeddable":true,"href":"https:\/\/primicias2262.com\/noticias\/wp-json\/wp\/v2\/users\/3"}],"replies":[{"embeddable":true,"href":"https:\/\/primicias2262.com\/noticias\/wp-json\/wp\/v2\/comments?post=93224"}],"version-history":[{"count":0,"href":"https:\/\/primicias2262.com\/noticias\/wp-json\/wp\/v2\/posts\/93224\/revisions"}],"wp:attachment":[{"href":"https:\/\/primicias2262.com\/noticias\/wp-json\/wp\/v2\/media?parent=93224"}],"wp:term":[{"taxonomy":"category","embeddable":true,"href":"https:\/\/primicias2262.com\/noticias\/wp-json\/wp\/v2\/categories?post=93224"},{"taxonomy":"post_tag","embeddable":true,"href":"https:\/\/primicias2262.com\/noticias\/wp-json\/wp\/v2\/tags?post=93224"}],"curies":[{"name":"wp","href":"https:\/\/api.w.org\/{rel}","templated":true}]}}