{"id":93229,"date":"2022-09-04T21:13:41","date_gmt":"2022-09-05T00:13:41","guid":{"rendered":"https:\/\/primicias2262.com\/?p=93229"},"modified":"2022-09-04T21:13:41","modified_gmt":"2022-09-05T00:13:41","slug":"realizaron-una-nueva-movilizacion-en-respaldo-a-cristina-fernandez-de-kirchner","status":"publish","type":"post","link":"https:\/\/primicias2262.com\/noticias\/realizaron-una-nueva-movilizacion-en-respaldo-a-cristina-fernandez-de-kirchner\/","title":{"rendered":"Realizaron una nueva movilizaci\u00f3n en respaldo a Cristina Fern\u00e1ndez de Kirchner"},"content":{"rendered":"<p>Una vez m\u00e1s organizaciones sindicales, sociales y pol\u00edticas vinculadas al Frente de Todos se movilizaron este domingo en apoyo a la vicepresidenta Cristina Fern\u00e1ndez de Kirchner, luego del intento de magnicidio que sufriera hace algunas horas.<\/p>\n<p><a href=\"https:\/\/primicias2262.com\/wp-content\/uploads\/2022\/09\/WhatsApp-Image-2022-09-04-at-6.56.52-PM.jpeg\"><img loading=\"lazy\" decoding=\"async\" class=\"alignright size-medium wp-image-93230\" src=\"https:\/\/primicias2262.com\/wp-content\/uploads\/2022\/09\/WhatsApp-Image-2022-09-04-at-6.56.52-PM-226x300.jpeg\" alt=\"\" width=\"226\" height=\"300\" \/><\/a>Se realiz\u00f3 una nueva concentraci\u00f3n en la plaza Dardo Rocha, pero adem\u00e1s hubo una caravana de veh\u00edculos que recorri\u00f3 diversas calles c\u00e9ntricas de nuestra ciudad y que luego se traslad\u00f3 a Quequ\u00e9n.<\/p>\n<p>La movilizaci\u00f3n tuvo puntos de concentraci\u00f3n en la Villa balnearia para luego retornar por Diagonal San Mart\u00edn y avenida 59 para luego finalizar en la esquina de 59 y 74 donde se encuentra el monumento a los militantes peronistas donde se ley\u00f3 un documento en apoyo a la vicepresidenta de la Naci\u00f3n.<\/p>\n<p>&nbsp;<\/p>\n<p>&nbsp;<\/p>\n","protected":false},"excerpt":{"rendered":"<p>Una vez m\u00e1s organizaciones sindicales, sociales y pol\u00edticas vinculadas al Frente de Todos se movilizaron este domingo en apoyo a la vicepresidenta Cristina Fern\u00e1ndez de Kirchner, luego del intento de magnicidio que sufriera hace algunas horas. Se realiz\u00f3 una nueva concentraci\u00f3n en la plaza Dardo Rocha, pero adem\u00e1s hubo una caravana de veh\u00edculos que recorri\u00f3 [&hellip;]<\/p>\n","protected":false},"author":3,"featured_media":93231,"comment_status":"closed","ping_status":"closed","sticky":false,"template":"","format":"standard","meta":{"footnotes":""},"categories":[3],"tags":[],"class_list":["post-93229","post","type-post","status-publish","format-standard","has-post-thumbnail","category-masnoticias"],"_links":{"self":[{"href":"https:\/\/primicias2262.com\/noticias\/wp-json\/wp\/v2\/posts\/93229","targetHints":{"allow":["GET"]}}],"collection":[{"href":"https:\/\/primicias2262.com\/noticias\/wp-json\/wp\/v2\/posts"}],"about":[{"href":"https:\/\/primicias2262.com\/noticias\/wp-json\/wp\/v2\/types\/post"}],"author":[{"embeddable":true,"href":"https:\/\/primicias2262.com\/noticias\/wp-json\/wp\/v2\/users\/3"}],"replies":[{"embeddable":true,"href":"https:\/\/primicias2262.com\/noticias\/wp-json\/wp\/v2\/comments?post=93229"}],"version-history":[{"count":0,"href":"https:\/\/primicias2262.com\/noticias\/wp-json\/wp\/v2\/posts\/93229\/revisions"}],"wp:attachment":[{"href":"https:\/\/primicias2262.com\/noticias\/wp-json\/wp\/v2\/media?parent=93229"}],"wp:term":[{"taxonomy":"category","embeddable":true,"href":"https:\/\/primicias2262.com\/noticias\/wp-json\/wp\/v2\/categories?post=93229"},{"taxonomy":"post_tag","embeddable":true,"href":"https:\/\/primicias2262.com\/noticias\/wp-json\/wp\/v2\/tags?post=93229"}],"curies":[{"name":"wp","href":"https:\/\/api.w.org\/{rel}","templated":true}]}}