{"id":93252,"date":"2022-09-05T14:29:30","date_gmt":"2022-09-05T17:29:30","guid":{"rendered":"https:\/\/primicias2262.com\/?p=93252"},"modified":"2022-09-05T14:29:30","modified_gmt":"2022-09-05T17:29:30","slug":"familias-con-sindrome-de-down-repudian-energicamente-el-ajuste-en-discapacidad","status":"publish","type":"post","link":"https:\/\/primicias2262.com\/noticias\/familias-con-sindrome-de-down-repudian-energicamente-el-ajuste-en-discapacidad\/","title":{"rendered":"Familias con S\u00edndrome de Down repudian en\u00e9rgicamente el ajuste en discapacidad"},"content":{"rendered":"<p>La semana anterior formaron parte de una movilizaci\u00f3n a nivel nacional bajo el lema \u201cNo al ajuste en discapacidad, familias con s\u00edndrome de down en acci\u00f3n\u201d, y en nuestra ciudad la protesta se llev\u00f3 a cabo frente al municipio.<\/p>\n<p>Andrea Ricabarra y Laura Librandi son dos de las integrantes de familias con personas con s\u00edndrome de down, y estuvieron en los estudios de \u201cVoces de la Ciudad\u201d para expresar ante el periodista Jorge G\u00f3mez y la audiencia el disgusto por el recorte en discapacidad por parte del gobierno nacional.<\/p>\n<p>\u201cLa idea de la concentraci\u00f3n era charlar del ajuste en discapacidad, no solo somos las familias que tenemos hijos con s\u00edndrome de Down, sino que hicimos la convocatoria a toda la comunidad, donde hay muchas personas con discapacidad, y est\u00e1n los centros de D\u00eda que tambi\u00e9n son prestadores y tampoco cobran\u201d, empez\u00f3 contextualizando Ricabarra.<\/p>\n<p>A la hora de hablar de prestadores, Librandi explic\u00f3 que \u201cun prestador por ejemplo es un acompa\u00f1ante terap\u00e9utico, la persona que va con un ni\u00f1o que tiene discapacidad a la escuela para que el nene pueda ir; o un prestador puede ser una combi que traslade a una persona con una silla de ruedas hasta donde tenga que ir\u00bb<\/p>\n<p>\u00abTodos esos prestadores actualmente cobran a trav\u00e9s de un fondo solidario que se establece, donde todos los trabajadores activos pagan y va a un fondo com\u00fan, y de ah\u00ed la Naci\u00f3n deriva esos fondos a trav\u00e9s de las obras sociales y de los sindicatos para que se repartan y lleguen a los afiliados con discapacidad que precisan determinadas cosas\u201d, explicaron.<\/p>\n<p>Sin embargo, \u201ceso hoy en d\u00eda est\u00e1 incumplido totalmente, hace cuatro meses que prestadores como acompa\u00f1antes terap\u00e9uticos, combis, docentes de apoyo, kinesi\u00f3logos, m\u00e9dicos o psic\u00f3logos no cobran, desde marzo\u201d, manifest\u00f3 Librandi, y acot\u00f3 que \u201ces un mont\u00f3n, y en medio de todo ese l\u00edo en el que ya no se est\u00e1n pagando esas prestaciones, las familias cubren como pueden, y el que puede, porque por ejemplo, pagar un acompa\u00f1ante terap\u00e9utico para un ni\u00f1o es un sueldo, y no todo el mundo tiene el poder econ\u00f3mico para afrontarlo y entonces hay gente que se queda afuera y sus ni\u00f1os no van a la escuela\u201d.<\/p>\n<p>Llevado a n\u00fameros reales, informaron que \u201cse agrega a esto que no se sabe c\u00f3mo se va a cubrir el ajuste. Se le quit\u00f3 la obligaci\u00f3n a los sindicatos de funcionar como agentes de distribuci\u00f3n de esto y se recortan de ese fondo solidario de redistribuci\u00f3n 10 mil millones de pesos m\u00e1s\u00bb.<\/p>\n<p>\u00abEntonces las familias nos vemos muy preocupadas, no sabemos cu\u00e1l va a ser la resoluci\u00f3n del problema, no est\u00e1n establecidos los mecanismos y nos queda clar\u00edsimo que va a haber menos plata. Es muy preocupante porque de esto depende la salud, la vida de la gente y de que se puedan convertir en personas aut\u00f3nomas o no\u201d., se\u00f1al\u00f3.<\/p>\n<p>Librandi lament\u00f3 que \u201cesto se suma a nuestra realidad de cualquier persona con discapacidad, los familiares de personas con discapacidad nos la pasamos peleando contra un mont\u00f3n de cuestiones. En este caso, nuestro pa\u00eds adhiere a la Convenci\u00f3n de los Derechos de las Personas con Discapacidad, pero mientras adhiere con una mano con la otra firma esto que nos deja en una situaci\u00f3n de desamparo que a diario luchamos con este tema\u201d.<\/p>\n<p>De todas maneras, apunt\u00f3 que \u201cesto arranca desde hace rato con las pol\u00edticas del gobierno desconociendo las personas con discapacidad, una manera muy f\u00e1cil de invisibilizarte es que no exista un registro num\u00e9rico, y no existe no solo en Necochea, sino en todo el pa\u00eds, habi\u00e9ndose hecho un censo hace unos meses con toda la informaci\u00f3n sobre discapacidad. El gobierno invisibiliz\u00f3 ese registro a prop\u00f3sito\u201d.<\/p>\n","protected":false},"excerpt":{"rendered":"<p>La semana anterior formaron parte de una movilizaci\u00f3n a nivel nacional bajo el lema \u201cNo al ajuste en discapacidad, familias con s\u00edndrome de down en acci\u00f3n\u201d, y en nuestra ciudad la protesta se llev\u00f3 a cabo frente al municipio. Andrea Ricabarra y Laura Librandi son dos de las integrantes de familias con personas con s\u00edndrome [&hellip;]<\/p>\n","protected":false},"author":3,"featured_media":93253,"comment_status":"closed","ping_status":"closed","sticky":false,"template":"","format":"standard","meta":{"footnotes":""},"categories":[3],"tags":[],"class_list":["post-93252","post","type-post","status-publish","format-standard","has-post-thumbnail","category-masnoticias"],"_links":{"self":[{"href":"https:\/\/primicias2262.com\/noticias\/wp-json\/wp\/v2\/posts\/93252","targetHints":{"allow":["GET"]}}],"collection":[{"href":"https:\/\/primicias2262.com\/noticias\/wp-json\/wp\/v2\/posts"}],"about":[{"href":"https:\/\/primicias2262.com\/noticias\/wp-json\/wp\/v2\/types\/post"}],"author":[{"embeddable":true,"href":"https:\/\/primicias2262.com\/noticias\/wp-json\/wp\/v2\/users\/3"}],"replies":[{"embeddable":true,"href":"https:\/\/primicias2262.com\/noticias\/wp-json\/wp\/v2\/comments?post=93252"}],"version-history":[{"count":0,"href":"https:\/\/primicias2262.com\/noticias\/wp-json\/wp\/v2\/posts\/93252\/revisions"}],"wp:attachment":[{"href":"https:\/\/primicias2262.com\/noticias\/wp-json\/wp\/v2\/media?parent=93252"}],"wp:term":[{"taxonomy":"category","embeddable":true,"href":"https:\/\/primicias2262.com\/noticias\/wp-json\/wp\/v2\/categories?post=93252"},{"taxonomy":"post_tag","embeddable":true,"href":"https:\/\/primicias2262.com\/noticias\/wp-json\/wp\/v2\/tags?post=93252"}],"curies":[{"name":"wp","href":"https:\/\/api.w.org\/{rel}","templated":true}]}}