{"id":93255,"date":"2022-09-05T15:03:42","date_gmt":"2022-09-05T18:03:42","guid":{"rendered":"https:\/\/primicias2262.com\/?p=93255"},"modified":"2022-09-05T15:03:42","modified_gmt":"2022-09-05T18:03:42","slug":"a-este-desafio-lo-voy-a-honrar-con-trabajo-aseguro-el-nuevo-delegado-de-quequen","status":"publish","type":"post","link":"https:\/\/primicias2262.com\/noticias\/a-este-desafio-lo-voy-a-honrar-con-trabajo-aseguro-el-nuevo-delegado-de-quequen\/","title":{"rendered":"\u201cA este desaf\u00edo lo voy a honrar con trabajo\u201d, asegur\u00f3 el nuevo delegado de Quequ\u00e9n"},"content":{"rendered":"<p>En los estudios de \u201cVoces de la Ciudad\u201d, el flamante titular de la Delegaci\u00f3n Municipal de Quequ\u00e9n, Mario Wilgenhoff, afirm\u00f3 que \u201ca este desaf\u00edo lo voy a honrar con trabajo, no voy a prometer nada pero gestionar\u00e9\u201d, y asegur\u00f3 que \u201cel tel\u00e9fono m\u00edo est\u00e1 abierto las 24 horas y estoy a disposici\u00f3n\u201d.<\/p>\n<p>Acompa\u00f1ado de uno de los integrantes de la Delegaci\u00f3n, Gast\u00f3n Cabello, Wilgenhoff fue entrevistado por el periodista Jorge G\u00f3mez e hizo hincapi\u00e9 en el di\u00e1logo como eje de su gesti\u00f3n. \u201cVengo de un club (Ministerio), y lo mejor que puede pasar es el di\u00e1logo, porque puede evitar un conflicto y siempre ser\u00e1 el mejor camino para solucionarlo\u201d.<\/p>\n<p>\u201cAs\u00ed pas\u00f3 en el caso de la Playa de Camiones, donde se lleg\u00f3 a un acuerdo y se hizo un acta en la que el Estado Municipal se compromete a hacer unas mejoras y ellos tambi\u00e9n sobre la concientizaci\u00f3n del transportista\u201d, ejemplific\u00f3.<\/p>\n<p>Por otra parte, como prioridad para Quequ\u00e9n habl\u00f3 del tema de la obra p\u00fablica: \u201cSabemos que hay necesidades b\u00e1sicas del vecino y lo fundamental es escuchar a todo el mundo, como delegado voy a gestionar a cada \u00e1rea del municipio\u201d.<\/p>\n<p>Y le hizo un gui\u00f1o a su antecesor, Hern\u00e1n Rodr\u00edguez: \u201cEquipo que gana no se toca: me encontr\u00e9 con un equipo de trabajo brillante en la Delegaci\u00f3n, gente que me va a ir guiando hasta que le ponga mi impronta, que es la cuesti\u00f3n social, poder ayudar a la gente que m\u00e1s lo necesita, y el tema de la obra p\u00fablica\u201d, se\u00f1al\u00f3.<\/p>\n<p>Acerca de este desaf\u00edo distinto, Wilgenhoff manifest\u00f3 que \u201che pasado por un gremio y por un club (sigue como presidente de Ministerio), pero ahora la din\u00e1mica es distinta porque la problem\u00e1tica es m\u00e1s grande y hay m\u00e1s cantidad de gente para atender, y por sobre todas las cosas estar\u00e1 el di\u00e1logo como primera medida con todo el mundo\u201d.<\/p>\n<p>Asimismo, valor\u00f3 que \u201ctodos los funcionarios se han puesto a disposici\u00f3n para lo que necesite, con Gabriela (G\u00f3ngora, secretaria de Gobierno) tenemos confianza, fuimos compa\u00f1eros de trabajo en la Usina y s\u00e9 lo mucho que quiere a Quequ\u00e9n, y hay que fortalecer la relaci\u00f3n con instituciones educativas e intermedias. La funci\u00f3n que cumplen los clubes de barrio con los chicos es incre\u00edble y en Ministerio de hecho estamos construyendo un merendero\u201d.<\/p>\n<p>Por su parte, Gast\u00f3n Cabello, asever\u00f3 que \u201cvengo trabajando hace 4 meses en la Delegaci\u00f3n durante la gesti\u00f3n de Hern\u00e1n (Rodr\u00edguez) y he ido observando es un trabajo incre\u00edble del equipo de la Delegaci\u00f3n, que trabaja desde las 7 de la ma\u00f1ana para atender al vecino, tratando de escuchar y dar respuesta y soluci\u00f3n a sus demandas. En esa misma l\u00ednea se ha sumado Mario como delegado y coincidimos en la mirada social y es un placer acompa\u00f1arlo\u201d.<\/p>\n<p>Sobre los alcances de la Delegaci\u00f3n, Cabelo destac\u00f3 en el cierre que \u201chay un corral\u00f3n municipal a cargo de Rub\u00e9n Serrano, y la Delegaci\u00f3n a su vez tiene a su cargo la Playa de Camiones y el Cementerio Municipal de Quequ\u00e9n. Actualmente el Corral\u00f3n est\u00e1 haciendo el mantenimiento de toda la ciudad y muchos espacios verdes, y a su vez trabajando fuertemente en conjunto con instituciones intermedias y educativas\u201d.<\/p>\n","protected":false},"excerpt":{"rendered":"<p>En los estudios de \u201cVoces de la Ciudad\u201d, el flamante titular de la Delegaci\u00f3n Municipal de Quequ\u00e9n, Mario Wilgenhoff, afirm\u00f3 que \u201ca este desaf\u00edo lo voy a honrar con trabajo, no voy a prometer nada pero gestionar\u00e9\u201d, y asegur\u00f3 que \u201cel tel\u00e9fono m\u00edo est\u00e1 abierto las 24 horas y estoy a disposici\u00f3n\u201d. Acompa\u00f1ado de uno [&hellip;]<\/p>\n","protected":false},"author":3,"featured_media":93256,"comment_status":"closed","ping_status":"closed","sticky":false,"template":"","format":"standard","meta":{"footnotes":""},"categories":[3],"tags":[],"class_list":["post-93255","post","type-post","status-publish","format-standard","has-post-thumbnail","category-masnoticias"],"_links":{"self":[{"href":"https:\/\/primicias2262.com\/noticias\/wp-json\/wp\/v2\/posts\/93255","targetHints":{"allow":["GET"]}}],"collection":[{"href":"https:\/\/primicias2262.com\/noticias\/wp-json\/wp\/v2\/posts"}],"about":[{"href":"https:\/\/primicias2262.com\/noticias\/wp-json\/wp\/v2\/types\/post"}],"author":[{"embeddable":true,"href":"https:\/\/primicias2262.com\/noticias\/wp-json\/wp\/v2\/users\/3"}],"replies":[{"embeddable":true,"href":"https:\/\/primicias2262.com\/noticias\/wp-json\/wp\/v2\/comments?post=93255"}],"version-history":[{"count":0,"href":"https:\/\/primicias2262.com\/noticias\/wp-json\/wp\/v2\/posts\/93255\/revisions"}],"wp:attachment":[{"href":"https:\/\/primicias2262.com\/noticias\/wp-json\/wp\/v2\/media?parent=93255"}],"wp:term":[{"taxonomy":"category","embeddable":true,"href":"https:\/\/primicias2262.com\/noticias\/wp-json\/wp\/v2\/categories?post=93255"},{"taxonomy":"post_tag","embeddable":true,"href":"https:\/\/primicias2262.com\/noticias\/wp-json\/wp\/v2\/tags?post=93255"}],"curies":[{"name":"wp","href":"https:\/\/api.w.org\/{rel}","templated":true}]}}