{"id":93259,"date":"2022-09-05T15:15:00","date_gmt":"2022-09-05T18:15:00","guid":{"rendered":"https:\/\/primicias2262.com\/?p=93259"},"modified":"2022-09-05T15:15:00","modified_gmt":"2022-09-05T18:15:00","slug":"viaje-de-fin-de-curso-necochea-espera-por-la-llegada-de-3500-egresados","status":"publish","type":"post","link":"https:\/\/primicias2262.com\/noticias\/viaje-de-fin-de-curso-necochea-espera-por-la-llegada-de-3500-egresados\/","title":{"rendered":"Viaje de Fin de Curso: Necochea espera por la llegada de 3500 egresados"},"content":{"rendered":"<p><strong>A trav\u00e9s del programa que impulsa la Provincia, los alumnos del \u00faltimo a\u00f1o del secundario visitar\u00e1n nuestro distrito entre los pr\u00f3ximos septiembre y noviembre, procedentes de distintos puntos del territorio bonaerense. La Secretar\u00eda de Turismo y Desarrollo Productivo termina de definir detalles con los prestadores.<\/strong><\/p>\n<p>El pasado viernes en las oficinas balnearias de la Secretar\u00eda de Turismo y Desarrollo Productivo, el titular del \u00e1rea municipal, Mat\u00edas Sierra, estuvo reunido con prestadores del sector privado para terminar de definir los lineamientos de la llegada de unos 3500 alumnos del \u00faltimo a\u00f1o del nivel secundario que desembarcar\u00e1n en el distrito de Necochea para celebrar su egreso.<\/p>\n<p>En el marco del programa Viaje de Fin de Curso, que impulsa y financia la Provincia de Buenos Aires para promover la actividad tur\u00edstica fuera de la temporada estival, adem\u00e1s de reactivar la econom\u00eda y potenciar la inclusi\u00f3n y la revinculaci\u00f3n de 220 mil estudiantes de gesti\u00f3n estatal y privada, los j\u00f3venes visitantes estar\u00edan arribando a nuestras costas entre los pr\u00f3ximos 20 de septiembre y 30 de noviembre, seg\u00fan especificaron desde el \u00e1rea.<\/p>\n<p>De la reuni\u00f3n que encabez\u00f3 el propio funcionario tomaron parte el gerente General de la Agencia de Viajes Fase 2 Turismo Educativo, Jos\u00e9 Bra\u00f1a; el socio gerente de la Agencia de Turismo Educativo R\u00edo Quequ\u00e9n, Pablo Etchegaray; y el socio y concesionario del Lago de Los Cisnes, Daniel Carri\u00f3n.<\/p>\n<p>\u201cEl pasado mayo tuvimos la oportunidad de que llegaran a visitarnos unos 700 chicos, lo que nos dej\u00f3 una muy buena experiencia y nos dio motivos para ir en busca de m\u00e1s\u201d, se\u00f1al\u00f3 Mat\u00edas Sierra una vez terminado el encuentro y cerrado los pormenores log\u00edsticos.<\/p>\n<p>Redoblando la apuesta, \u201ca trav\u00e9s de gestiones que hicimos en Villa Gesell con el Gobernador (Axel Kicillof) y la subsecretaria de Turismo (Mar\u00eda Soledad Mart\u00ednez), cuando se lanz\u00f3 esta segunda edici\u00f3n del programa, pudimos lograr que a partir de finales de septiembre est\u00e9n arribando unos 3500 alumnos\u201d.<\/p>\n<p>Durante su estad\u00eda, los alumnos secundarios podr\u00e1n disfrutar de numerosas actividades recreativas y de ocio en el mar, el r\u00edo, el parque y los m\u00e9danos, sac\u00e1ndole el mayor r\u00e9dito a todas las bondades naturales que ofrece el distrito. Asimismo, podr\u00e1n aprovechar las virtudes de la gastronom\u00eda y la hoteler\u00eda locales, adem\u00e1s de vivir la naturaleza a trav\u00e9s de la aventura en otros paseos atractivos como el que ofrece el Lago de Los Cisnes.<\/p>\n","protected":false},"excerpt":{"rendered":"<p>A trav\u00e9s del programa que impulsa la Provincia, los alumnos del \u00faltimo a\u00f1o del secundario visitar\u00e1n nuestro distrito entre los pr\u00f3ximos septiembre y noviembre, procedentes de distintos puntos del territorio bonaerense. La Secretar\u00eda de Turismo y Desarrollo Productivo termina de definir detalles con los prestadores. El pasado viernes en las oficinas balnearias de la Secretar\u00eda [&hellip;]<\/p>\n","protected":false},"author":3,"featured_media":93260,"comment_status":"closed","ping_status":"closed","sticky":false,"template":"","format":"standard","meta":{"footnotes":""},"categories":[3],"tags":[],"class_list":["post-93259","post","type-post","status-publish","format-standard","has-post-thumbnail","category-masnoticias"],"_links":{"self":[{"href":"https:\/\/primicias2262.com\/noticias\/wp-json\/wp\/v2\/posts\/93259","targetHints":{"allow":["GET"]}}],"collection":[{"href":"https:\/\/primicias2262.com\/noticias\/wp-json\/wp\/v2\/posts"}],"about":[{"href":"https:\/\/primicias2262.com\/noticias\/wp-json\/wp\/v2\/types\/post"}],"author":[{"embeddable":true,"href":"https:\/\/primicias2262.com\/noticias\/wp-json\/wp\/v2\/users\/3"}],"replies":[{"embeddable":true,"href":"https:\/\/primicias2262.com\/noticias\/wp-json\/wp\/v2\/comments?post=93259"}],"version-history":[{"count":0,"href":"https:\/\/primicias2262.com\/noticias\/wp-json\/wp\/v2\/posts\/93259\/revisions"}],"wp:attachment":[{"href":"https:\/\/primicias2262.com\/noticias\/wp-json\/wp\/v2\/media?parent=93259"}],"wp:term":[{"taxonomy":"category","embeddable":true,"href":"https:\/\/primicias2262.com\/noticias\/wp-json\/wp\/v2\/categories?post=93259"},{"taxonomy":"post_tag","embeddable":true,"href":"https:\/\/primicias2262.com\/noticias\/wp-json\/wp\/v2\/tags?post=93259"}],"curies":[{"name":"wp","href":"https:\/\/api.w.org\/{rel}","templated":true}]}}