{"id":93262,"date":"2022-09-05T15:31:33","date_gmt":"2022-09-05T18:31:33","guid":{"rendered":"https:\/\/primicias2262.com\/?p=93262"},"modified":"2022-09-05T15:31:33","modified_gmt":"2022-09-05T18:31:33","slug":"detuvieron-en-un-hotel-alojamiento-al-presunto-autor-de-un-asalto-en-una-heladeria","status":"publish","type":"post","link":"https:\/\/primicias2262.com\/noticias\/detuvieron-en-un-hotel-alojamiento-al-presunto-autor-de-un-asalto-en-una-heladeria\/","title":{"rendered":"Detuvieron en un hotel alojamiento al presunto autor de un asalto en una helader\u00eda"},"content":{"rendered":"<p>El pasado viernes el comercio una helader\u00eda denominado \u00abLa Plaza\u00bb, sito en calle 519 de la localidad de Quequen sufri\u00f3 un asalto, del que result\u00f3 v\u00edctima una empleada quien fue sorprendida por un hombre con ropas oscuras que sin ejercer violencia f\u00edsica y esgrimiendo un arma de fuego le sustrajo la recaudaci\u00f3n del d\u00eda y un tel\u00e9fono celular Samsung J7 color dorado, para luego darse a la fuga a pie.<\/p>\n<p>Efectivos del Gabinete T\u00e9cnico Operativo de la Seccional Segunda juntamente con la Fiscalia especializada en Delitos Complejos UFI N\u00b0 30 del Departamento Judicial de Necochea, tras realizar tareas de campo, averiguaciones y colectar material f\u00edlmico (CCTV privadas), lograron individualizar e identificar al presunto autor del hecho.<\/p>\n<p>En ese sentido, la Justicia de Garant\u00edas autoriz\u00f3 la realizaci\u00f3n de un allanamiento en la vivienda del sujeto, quien no se hallaba presente en el lugar al momento de realizarse el procecimiento. No obstante, los uniformados procedieron a secuestro de prendas de vestir que habr\u00edan sido utilizadas al momento de cometer el il\u00edcito y dos hojas de ventana de aluminio blanco.<\/p>\n<p>Seg\u00fan se inform\u00f3, la Polic\u00eda estableci\u00f3 que en ese mento el sujeto se encontraba en el hotel alojamiento de calle 98 y 65. Tras establecerse el\u00a0 n\u00famero de habitaci\u00f3n, por lo que los uniformados pusieron en conocimiento a la fiscal\u00eda interviniente, que en forma inmediata se apersona en el lugar junto al personal policial, para realizar un allanamiento fiscal.<\/p>\n<p>Durante la diligencia se constat\u00f3 la presencia del causante -identificado como P.C.M. mayor de edad y con amplios antecedentes-, siendo neutralizado en el lugar y trasladado a una dependencia policial para cumplimentar tr\u00e1mites legales y alojamiento.<\/p>\n<p>En el lugar se encontraba acompa\u00f1ado por una mujer, y se se procedi\u00f3 al secuestro de elementos usados en el atraco, un cuchillo de 20 cm de largo, dinero en efectivo y un tel\u00e9fono celular marca Samsung modelo J2 (fines periciales).<\/p>\n<p>&nbsp;<\/p>\n","protected":false},"excerpt":{"rendered":"<p>El pasado viernes el comercio una helader\u00eda denominado \u00abLa Plaza\u00bb, sito en calle 519 de la localidad de Quequen sufri\u00f3 un asalto, del que result\u00f3 v\u00edctima una empleada quien fue sorprendida por un hombre con ropas oscuras que sin ejercer violencia f\u00edsica y esgrimiendo un arma de fuego le sustrajo la recaudaci\u00f3n del d\u00eda y [&hellip;]<\/p>\n","protected":false},"author":3,"featured_media":93263,"comment_status":"closed","ping_status":"closed","sticky":false,"template":"","format":"standard","meta":{"footnotes":""},"categories":[3],"tags":[],"class_list":["post-93262","post","type-post","status-publish","format-standard","has-post-thumbnail","category-masnoticias"],"_links":{"self":[{"href":"https:\/\/primicias2262.com\/noticias\/wp-json\/wp\/v2\/posts\/93262","targetHints":{"allow":["GET"]}}],"collection":[{"href":"https:\/\/primicias2262.com\/noticias\/wp-json\/wp\/v2\/posts"}],"about":[{"href":"https:\/\/primicias2262.com\/noticias\/wp-json\/wp\/v2\/types\/post"}],"author":[{"embeddable":true,"href":"https:\/\/primicias2262.com\/noticias\/wp-json\/wp\/v2\/users\/3"}],"replies":[{"embeddable":true,"href":"https:\/\/primicias2262.com\/noticias\/wp-json\/wp\/v2\/comments?post=93262"}],"version-history":[{"count":0,"href":"https:\/\/primicias2262.com\/noticias\/wp-json\/wp\/v2\/posts\/93262\/revisions"}],"wp:attachment":[{"href":"https:\/\/primicias2262.com\/noticias\/wp-json\/wp\/v2\/media?parent=93262"}],"wp:term":[{"taxonomy":"category","embeddable":true,"href":"https:\/\/primicias2262.com\/noticias\/wp-json\/wp\/v2\/categories?post=93262"},{"taxonomy":"post_tag","embeddable":true,"href":"https:\/\/primicias2262.com\/noticias\/wp-json\/wp\/v2\/tags?post=93262"}],"curies":[{"name":"wp","href":"https:\/\/api.w.org\/{rel}","templated":true}]}}