{"id":93278,"date":"2022-09-06T11:59:26","date_gmt":"2022-09-06T14:59:26","guid":{"rendered":"https:\/\/primicias2262.com\/?p=93278"},"modified":"2022-09-06T11:59:26","modified_gmt":"2022-09-06T14:59:26","slug":"el-precio-de-referencia-del-kilo-de-pan-en-necochea-varia-hoy-entre-360-y-400-pesos","status":"publish","type":"post","link":"https:\/\/primicias2262.com\/noticias\/el-precio-de-referencia-del-kilo-de-pan-en-necochea-varia-hoy-entre-360-y-400-pesos\/","title":{"rendered":"El precio de referencia del kilo de pan en Necochea var\u00eda hoy entre 360 y 400 pesos"},"content":{"rendered":"<p><strong>As\u00ed lo confirm\u00f3 Gast\u00f3n Gonz\u00e1lez de Panader\u00eda La Paz, acerca de los nuevos valores del pan y sus derivados en la ciudad.<\/strong><\/p>\n<p>Durante una breve charla en \u201cVoces de la Ciudad\u201d con el periodista Jorge G\u00f3mez, el empresario Gast\u00f3n Gonz\u00e1lez se\u00f1al\u00f3 que \u201cque la inflaci\u00f3n es impresionante, a partir del jueves muchas panader\u00edas se fueron a 400 pesos el kilo de pan de referencia. Siempre es diverso y va en los gastos de cada propietario de panader\u00eda, pero el precio de referencia estar\u00e1 entre 360 y 400 pesos\u201d.<\/p>\n<p>\u201cCada uno nos adecuaremos para poder vender, pero la realidad es que se pone cada vez m\u00e1s dif\u00edcil porque las cosas vienen con aumento, la materia prima sube todos los d\u00edas y las facturas de luz y gas que vendr\u00e1n con importantes aumentos\u201d, se\u00f1al\u00f3 el titular de panader\u00edas La Paz.<\/p>\n<p>En ese marco, se\u00f1al\u00f3 que se puede encontrar en las diferentes panader\u00edas el kilo de pan a 360, 380 o 400 pesos: \u201cVar\u00edan los costos si ten\u00e9s alquiler o m\u00e1s o menos cantidad de empleados\u201d, y no descart\u00f3 que en algunos lados pueda estar hasta 500 pesos el kilo.<\/p>\n<p>Adem\u00e1s, pint\u00f3 el presente al reflexionar que \u201cla gente tiene cada vez menos plata y se replantea qu\u00e9 consume y qu\u00e9 no, se pregunta \u00bfel pan lo necesito todos los d\u00edas?, \u00bfpreciso comer facturas todos los d\u00edas? Es entendible lo que hace la gente y es necesario a veces recortar, es triste pero es la realidad\u201d.<\/p>\n<p>Finalmente, se\u00f1al\u00f3 que en Mar del plata, la docena de facturas cuesta 1200 pesos, mientras que \u201cac\u00e1 en Necochea todav\u00eda estamos en los 700 u 800 pesos la docena\u201d.<\/p>\n","protected":false},"excerpt":{"rendered":"<p>As\u00ed lo confirm\u00f3 Gast\u00f3n Gonz\u00e1lez de Panader\u00eda La Paz, acerca de los nuevos valores del pan y sus derivados en la ciudad. Durante una breve charla en \u201cVoces de la Ciudad\u201d con el periodista Jorge G\u00f3mez, el empresario Gast\u00f3n Gonz\u00e1lez se\u00f1al\u00f3 que \u201cque la inflaci\u00f3n es impresionante, a partir del jueves muchas panader\u00edas se fueron [&hellip;]<\/p>\n","protected":false},"author":3,"featured_media":88008,"comment_status":"closed","ping_status":"closed","sticky":false,"template":"","format":"standard","meta":{"footnotes":""},"categories":[3],"tags":[],"class_list":["post-93278","post","type-post","status-publish","format-standard","has-post-thumbnail","category-masnoticias"],"_links":{"self":[{"href":"https:\/\/primicias2262.com\/noticias\/wp-json\/wp\/v2\/posts\/93278","targetHints":{"allow":["GET"]}}],"collection":[{"href":"https:\/\/primicias2262.com\/noticias\/wp-json\/wp\/v2\/posts"}],"about":[{"href":"https:\/\/primicias2262.com\/noticias\/wp-json\/wp\/v2\/types\/post"}],"author":[{"embeddable":true,"href":"https:\/\/primicias2262.com\/noticias\/wp-json\/wp\/v2\/users\/3"}],"replies":[{"embeddable":true,"href":"https:\/\/primicias2262.com\/noticias\/wp-json\/wp\/v2\/comments?post=93278"}],"version-history":[{"count":0,"href":"https:\/\/primicias2262.com\/noticias\/wp-json\/wp\/v2\/posts\/93278\/revisions"}],"wp:attachment":[{"href":"https:\/\/primicias2262.com\/noticias\/wp-json\/wp\/v2\/media?parent=93278"}],"wp:term":[{"taxonomy":"category","embeddable":true,"href":"https:\/\/primicias2262.com\/noticias\/wp-json\/wp\/v2\/categories?post=93278"},{"taxonomy":"post_tag","embeddable":true,"href":"https:\/\/primicias2262.com\/noticias\/wp-json\/wp\/v2\/tags?post=93278"}],"curies":[{"name":"wp","href":"https:\/\/api.w.org\/{rel}","templated":true}]}}