{"id":93286,"date":"2022-09-06T14:17:15","date_gmt":"2022-09-06T17:17:15","guid":{"rendered":"https:\/\/primicias2262.com\/?p=93286"},"modified":"2022-09-06T14:17:15","modified_gmt":"2022-09-06T17:17:15","slug":"festejo-masivo-del-dia-del-nino-en-la-capilla-san-pablo-del-barrio-los-alamos","status":"publish","type":"post","link":"https:\/\/primicias2262.com\/noticias\/festejo-masivo-del-dia-del-nino-en-la-capilla-san-pablo-del-barrio-los-alamos\/","title":{"rendered":"Festejo masivo del D\u00eda del Ni\u00f1o en la Capilla San Pablo del Barrio Los \u00c1lamos"},"content":{"rendered":"<p><strong>El pasado s\u00e1bado se llev\u00f3 a cabo el festejo del D\u00eda del Ni\u00f1o en la Capilla San Pablo de Barrio Los \u00c1lamos, con una importante concurrencia de familias de diversas unidades barriales de UTEP Movimiento Evita (Ovillitos de Lana, Terminal, Malvones, \u00c1lamos y Estrellita) con quienes se celebr\u00f3 una jornada con juegos, m\u00fasica, tortas, galletitas y chocolatada.<\/strong><\/p>\n<p>La jornada estuvo a cargo de la Secretar\u00eda de organizaci\u00f3n del Movimiento Evita que cont\u00f3 con el apoyo y la producci\u00f3n de las unidades barriales y unidades productivas de UTEP &#8211; Evita, como tambi\u00e9n profesores de la Escuela de Las Toscas, para que ning\u00fan ni\u00f1o se quedara sin celebrar su d\u00eda y sin su regalito. A lo largo de la kermes se establecieron diversas estaciones de juegos que apuntaron a la recreaci\u00f3n y a la educaci\u00f3n fomentando el cuidado del cuerpo y la sana alimentaci\u00f3n.<\/p>\n<p>La jornada finaliz\u00f3 al ritmo de la murga \u201cLos cachivaches de la Ilusi\u00f3n\u201d que dieron color y alegr\u00eda al caer la tarde. M\u00e1s de 400 chicos y chicas pudieron disfrutar de la kermes y de un regalo que les fue entregado.<\/p>\n","protected":false},"excerpt":{"rendered":"<p>El pasado s\u00e1bado se llev\u00f3 a cabo el festejo del D\u00eda del Ni\u00f1o en la Capilla San Pablo de Barrio Los \u00c1lamos, con una importante concurrencia de familias de diversas unidades barriales de UTEP Movimiento Evita (Ovillitos de Lana, Terminal, Malvones, \u00c1lamos y Estrellita) con quienes se celebr\u00f3 una jornada con juegos, m\u00fasica, tortas, galletitas [&hellip;]<\/p>\n","protected":false},"author":3,"featured_media":93287,"comment_status":"closed","ping_status":"closed","sticky":false,"template":"","format":"standard","meta":{"footnotes":""},"categories":[3],"tags":[],"class_list":["post-93286","post","type-post","status-publish","format-standard","has-post-thumbnail","category-masnoticias"],"_links":{"self":[{"href":"https:\/\/primicias2262.com\/noticias\/wp-json\/wp\/v2\/posts\/93286","targetHints":{"allow":["GET"]}}],"collection":[{"href":"https:\/\/primicias2262.com\/noticias\/wp-json\/wp\/v2\/posts"}],"about":[{"href":"https:\/\/primicias2262.com\/noticias\/wp-json\/wp\/v2\/types\/post"}],"author":[{"embeddable":true,"href":"https:\/\/primicias2262.com\/noticias\/wp-json\/wp\/v2\/users\/3"}],"replies":[{"embeddable":true,"href":"https:\/\/primicias2262.com\/noticias\/wp-json\/wp\/v2\/comments?post=93286"}],"version-history":[{"count":0,"href":"https:\/\/primicias2262.com\/noticias\/wp-json\/wp\/v2\/posts\/93286\/revisions"}],"wp:attachment":[{"href":"https:\/\/primicias2262.com\/noticias\/wp-json\/wp\/v2\/media?parent=93286"}],"wp:term":[{"taxonomy":"category","embeddable":true,"href":"https:\/\/primicias2262.com\/noticias\/wp-json\/wp\/v2\/categories?post=93286"},{"taxonomy":"post_tag","embeddable":true,"href":"https:\/\/primicias2262.com\/noticias\/wp-json\/wp\/v2\/tags?post=93286"}],"curies":[{"name":"wp","href":"https:\/\/api.w.org\/{rel}","templated":true}]}}