{"id":93289,"date":"2022-09-06T14:19:26","date_gmt":"2022-09-06T17:19:26","guid":{"rendered":"https:\/\/primicias2262.com\/?p=93289"},"modified":"2022-09-06T14:19:26","modified_gmt":"2022-09-06T17:19:26","slug":"secuestraron-dos-remises-truchos-y-se-apunta-a-erradicar-la-practica","status":"publish","type":"post","link":"https:\/\/primicias2262.com\/noticias\/secuestraron-dos-remises-truchos-y-se-apunta-a-erradicar-la-practica\/","title":{"rendered":"Secuestraron dos \u201cremises truchos\u201d y se apunta a erradicar la pr\u00e1ctica"},"content":{"rendered":"<p>Al cabo de un operativo conjunto entre el municipio y la Polic\u00eda Vial de la Provincia de Buenos Aires en 542 y Av. Circunvalaci\u00f3n, se procedi\u00f3 al secuestro de dos veh\u00edculos por transportar pasajeros de forma irregular y un tercero por falta de documentaci\u00f3n, al tiempo que se labraron cinco infracciones de tr\u00e1nsito.<\/p>\n<p>Dependiente de la Secretar\u00eda de Gobierno, las \u00e1reas que trabajaron en conjunto fueron la Subsecretar\u00eda de Ordenamiento Urbano y Fiscalizaci\u00f3n, encabezada por Walter Calabretta; y las Direcciones de Tr\u00e1nsito, Pol\u00edticas de Seguridad y Transporte, cuyo titular, Facundo Croci, puso \u00e9nfasis en el tema de los veh\u00edculos que trasladan pasajeros sin la debida habilitaci\u00f3n.<\/p>\n<p>\u201cRespecto al secuestro por transporte irregular de pasajeros es algo grave y con estos operativos se busca desalentar esa pr\u00e1ctica por motivo de seguridad de los transportados, ya que estos veh\u00edculos no tienen habilitaci\u00f3n municipal ni el control pertinente como s\u00ed lo tienen por ejemplo un rem\u00eds o un taxi, que pasan por una inspecci\u00f3n bimestral o trimestral\u201d, argument\u00f3 Croci.<\/p>\n<p>Acto seguido record\u00f3 que \u201cen las inspecciones controlamos toda la documentaci\u00f3n vencible, como la VTV o carnet de conducir, pero tambi\u00e9n lo que tiene que ver con cuestiones de seguridad, como los neum\u00e1ticos, cinturones de seguridad o matafuegos, y no solo no se cuenta con el seguro correspondiente al viajar en un transporte irregular, sino que se genera una competencia desleal hacia el licenciatario de taxi o rem\u00eds que se adec\u00faa y cumple con las ordenanzas vigentes para poder funcionar y que las personas viajen seguras\u201d.<\/p>\n<p>En cuanto a informaci\u00f3n \u00fatil para que los usuarios no tomen un transporte irregular, Croci detall\u00f3 que \u201cel rem\u00eds habilitado correctamente tiene en su luneta trasera un calco de habilitaci\u00f3n con la numeraci\u00f3n y la patente del veh\u00edculo, y dentro del habit\u00e1culo debe haber un cart\u00f3n amarillo donde figuran los datos del veh\u00edculo y el nombre del titular. En el caso del taxi se lo identifica por su gorro lum\u00ednico y tambi\u00e9n por el cart\u00f3n amarillo en su interior\u201d.<\/p>\n<p>Finalmente, el funcionario aclar\u00f3 que \u201clas quejas de este tema las estamos canalizando a trav\u00e9s del 147, y todas las denuncias que tenemos nos ayudar\u00e1n a poder combatir el transporte irregular de pasajeros en los operativos en ruta que estaremos haciendo en las pr\u00f3ximas semanas\u201d.<\/p>\n","protected":false},"excerpt":{"rendered":"<p>Al cabo de un operativo conjunto entre el municipio y la Polic\u00eda Vial de la Provincia de Buenos Aires en 542 y Av. Circunvalaci\u00f3n, se procedi\u00f3 al secuestro de dos veh\u00edculos por transportar pasajeros de forma irregular y un tercero por falta de documentaci\u00f3n, al tiempo que se labraron cinco infracciones de tr\u00e1nsito. Dependiente de [&hellip;]<\/p>\n","protected":false},"author":3,"featured_media":93290,"comment_status":"closed","ping_status":"closed","sticky":false,"template":"","format":"standard","meta":{"footnotes":""},"categories":[3],"tags":[],"class_list":["post-93289","post","type-post","status-publish","format-standard","has-post-thumbnail","category-masnoticias"],"_links":{"self":[{"href":"https:\/\/primicias2262.com\/noticias\/wp-json\/wp\/v2\/posts\/93289","targetHints":{"allow":["GET"]}}],"collection":[{"href":"https:\/\/primicias2262.com\/noticias\/wp-json\/wp\/v2\/posts"}],"about":[{"href":"https:\/\/primicias2262.com\/noticias\/wp-json\/wp\/v2\/types\/post"}],"author":[{"embeddable":true,"href":"https:\/\/primicias2262.com\/noticias\/wp-json\/wp\/v2\/users\/3"}],"replies":[{"embeddable":true,"href":"https:\/\/primicias2262.com\/noticias\/wp-json\/wp\/v2\/comments?post=93289"}],"version-history":[{"count":0,"href":"https:\/\/primicias2262.com\/noticias\/wp-json\/wp\/v2\/posts\/93289\/revisions"}],"wp:attachment":[{"href":"https:\/\/primicias2262.com\/noticias\/wp-json\/wp\/v2\/media?parent=93289"}],"wp:term":[{"taxonomy":"category","embeddable":true,"href":"https:\/\/primicias2262.com\/noticias\/wp-json\/wp\/v2\/categories?post=93289"},{"taxonomy":"post_tag","embeddable":true,"href":"https:\/\/primicias2262.com\/noticias\/wp-json\/wp\/v2\/tags?post=93289"}],"curies":[{"name":"wp","href":"https:\/\/api.w.org\/{rel}","templated":true}]}}