{"id":93293,"date":"2022-09-06T16:23:36","date_gmt":"2022-09-06T19:23:36","guid":{"rendered":"https:\/\/primicias2262.com\/?p=93293"},"modified":"2022-09-06T16:23:36","modified_gmt":"2022-09-06T19:23:36","slug":"alrededor-de-40-libros-se-adquirieron-en-la-iv-feria-rema-que-rema","status":"publish","type":"post","link":"https:\/\/primicias2262.com\/noticias\/alrededor-de-40-libros-se-adquirieron-en-la-iv-feria-rema-que-rema\/","title":{"rendered":"Alrededor de 40 libros se adquirieron en la IV Feria \u201cRema que Rema\u201d"},"content":{"rendered":"<p>El Centro Cultural Necochea\/Biblioteca Popular Andr\u00e9s Ferreyra (CCN\/BPAF) inform\u00f3 que se adquirieron alrededor de cuarenta libros en la IV Feria del Libro y Autores \u201cRema que Rema\u201d que se realiz\u00f3 el \u00faltimo fin de semana de agosto en la instituci\u00f3n.<\/p>\n<p>El material \u2013caracter\u00edstico de editoriales independientes- pas\u00f3 a formar parte del fondo bibliogr\u00e1fico de la Biblioteca, y est\u00e1 a disposici\u00f3n de los socios para retirar en pr\u00e9stamo, y de toda la comunidad para su consulta en sala.<\/p>\n<p>Los libros que en algunos casos fueron comprados y en otros, se recibieron por donaciones, son de narrativa contempor\u00e1nea, poes\u00eda, obra cl\u00e1sica y literatura infantil, algunos con contenidos de ESI.<\/p>\n<p>Cabe recordar que la Feria Rema que Rema fue organizada por el CCN\/BPAF con el apoyo del Ministerio de Cultura de Naci\u00f3n, y se llev\u00f3 a cabo el 25, 26 y 27 de agosto \u00faltimo con destacada concurrencia de p\u00fablico.<\/p>\n<p>El encuentro se caracteriza por la presentaci\u00f3n de las publicaciones de editoriales autogestivas provenientes de distintas partes del pa\u00eds. En esta edici\u00f3n participaron: Pupek, Milena Cacerola, Gerbera (distribuidora), La Coop (distribuidora), Hemisferio Derecho (distribuidora), Reloj de arena, Es Pulpa, At\u00e1vica, Club Moner\u00edas, Caravana, Papeles pintados, L\u00e1grimas de circe, Herensuge, e Impo\u00e9tica. Tambi\u00e9n estuvieron Milenio Oscuro Comics y Tiendita.coop, adem\u00e1s de una destacada Mesa de autores y autoras locales.<\/p>\n<p>Por su parte, \u201cEdiciones bonaerenses\u201d, la editorial de la provincia de Buenos Aires, estuvo presente con sus publicaciones \u201cContra cielo plomizo\u201d, \u201cBuenos Aires fant\u00e1stica\u201d, \u201cAntecedentes y textos constitucionales de la Provincia de Buenos Aires (1820-1994)\u201d, \u201cLuces de Mercurio\u201d, \u201cHaroldo Conti en prensa (1955-1976)\u201d y \u201cPasajeras esas nubes\u201d. Todos t\u00edtulos que tambi\u00e9n se encuentran en la Biblioteca ya que hab\u00edan sido donados con anterioridad, por la mencionada editorial.<\/p>\n","protected":false},"excerpt":{"rendered":"<p>El Centro Cultural Necochea\/Biblioteca Popular Andr\u00e9s Ferreyra (CCN\/BPAF) inform\u00f3 que se adquirieron alrededor de cuarenta libros en la IV Feria del Libro y Autores \u201cRema que Rema\u201d que se realiz\u00f3 el \u00faltimo fin de semana de agosto en la instituci\u00f3n. El material \u2013caracter\u00edstico de editoriales independientes- pas\u00f3 a formar parte del fondo bibliogr\u00e1fico de la [&hellip;]<\/p>\n","protected":false},"author":3,"featured_media":93294,"comment_status":"closed","ping_status":"closed","sticky":false,"template":"","format":"standard","meta":{"footnotes":""},"categories":[3],"tags":[],"class_list":["post-93293","post","type-post","status-publish","format-standard","has-post-thumbnail","category-masnoticias"],"_links":{"self":[{"href":"https:\/\/primicias2262.com\/noticias\/wp-json\/wp\/v2\/posts\/93293","targetHints":{"allow":["GET"]}}],"collection":[{"href":"https:\/\/primicias2262.com\/noticias\/wp-json\/wp\/v2\/posts"}],"about":[{"href":"https:\/\/primicias2262.com\/noticias\/wp-json\/wp\/v2\/types\/post"}],"author":[{"embeddable":true,"href":"https:\/\/primicias2262.com\/noticias\/wp-json\/wp\/v2\/users\/3"}],"replies":[{"embeddable":true,"href":"https:\/\/primicias2262.com\/noticias\/wp-json\/wp\/v2\/comments?post=93293"}],"version-history":[{"count":0,"href":"https:\/\/primicias2262.com\/noticias\/wp-json\/wp\/v2\/posts\/93293\/revisions"}],"wp:attachment":[{"href":"https:\/\/primicias2262.com\/noticias\/wp-json\/wp\/v2\/media?parent=93293"}],"wp:term":[{"taxonomy":"category","embeddable":true,"href":"https:\/\/primicias2262.com\/noticias\/wp-json\/wp\/v2\/categories?post=93293"},{"taxonomy":"post_tag","embeddable":true,"href":"https:\/\/primicias2262.com\/noticias\/wp-json\/wp\/v2\/tags?post=93293"}],"curies":[{"name":"wp","href":"https:\/\/api.w.org\/{rel}","templated":true}]}}