{"id":93300,"date":"2022-09-07T12:50:33","date_gmt":"2022-09-07T15:50:33","guid":{"rendered":"https:\/\/primicias2262.com\/?p=93300"},"modified":"2022-09-07T12:50:33","modified_gmt":"2022-09-07T15:50:33","slug":"nueva-fecha-para-la-expounicen-en-quequen","status":"publish","type":"post","link":"https:\/\/primicias2262.com\/noticias\/nueva-fecha-para-la-expounicen-en-quequen\/","title":{"rendered":"Nueva fecha para la ExpoUNICEN en Quequ\u00e9n"},"content":{"rendered":"<p>Tras la suspensi\u00f3n obligada del viernes anterior por el feriado nacional decretado por el presidente Alberto Fern\u00e1ndez ante el ataque sufrido por Cristina Fern\u00e1ndez de Kirchner, desde UNICEN Quequ\u00e9n informaron que hay nueva fecha para la Expo.<\/p>\n<div><strong>El venidero mi\u00e9rcoles 14 de septiembre de 9 a 15 se realizar\u00e1 finalmente la Expo Educativa UNICEN<\/strong>, un espacio donde los estudiantes de los \u00faltimos dos a\u00f1os de secundaria podr\u00e1n vincularse con todas las Facultades de la Universidad Nacional del Centro de la Provincia de Buenos Aires. Tambi\u00e9n habr\u00e1 charlas &#8211; taller con acceso libre.<\/div>\n<div><\/div>\n<div>Direcci\u00f3n del evento: calle 508 &#8211; 881 (entre 517 y 519) Quequ\u00e9n<br \/>\nLas consultas podr\u00e1n dirigirse al n\u00famero: 2262 368358<\/div>\n<div><\/div>\n<div>Link para confirmar la asistencia a la Expo Educativa UNICEN &#8211; Quequ\u00e9n 2022<\/div>\n<div><strong><a href=\"https:\/\/forms.gle\/vvDoFKYA9MHhyxUy7\" target=\"_blank\" rel=\"noopener\" data-saferedirecturl=\"https:\/\/www.google.com\/url?q=https:\/\/forms.gle\/vvDoFKYA9MHhyxUy7&amp;source=gmail&amp;ust=1662651973147000&amp;usg=AOvVaw3li2rjic9ThWjh57-m14VC\">https:\/\/forms.gle\/<wbr \/>vvDoFKYA9MHhyxUy7<\/a><\/strong><\/div>\n","protected":false},"excerpt":{"rendered":"<p>Tras la suspensi\u00f3n obligada del viernes anterior por el feriado nacional decretado por el presidente Alberto Fern\u00e1ndez ante el ataque sufrido por Cristina Fern\u00e1ndez de Kirchner, desde UNICEN Quequ\u00e9n informaron que hay nueva fecha para la Expo. El venidero mi\u00e9rcoles 14 de septiembre de 9 a 15 se realizar\u00e1 finalmente la Expo Educativa UNICEN, un [&hellip;]<\/p>\n","protected":false},"author":3,"featured_media":73579,"comment_status":"closed","ping_status":"closed","sticky":false,"template":"","format":"standard","meta":{"footnotes":""},"categories":[3],"tags":[],"class_list":["post-93300","post","type-post","status-publish","format-standard","has-post-thumbnail","category-masnoticias"],"_links":{"self":[{"href":"https:\/\/primicias2262.com\/noticias\/wp-json\/wp\/v2\/posts\/93300","targetHints":{"allow":["GET"]}}],"collection":[{"href":"https:\/\/primicias2262.com\/noticias\/wp-json\/wp\/v2\/posts"}],"about":[{"href":"https:\/\/primicias2262.com\/noticias\/wp-json\/wp\/v2\/types\/post"}],"author":[{"embeddable":true,"href":"https:\/\/primicias2262.com\/noticias\/wp-json\/wp\/v2\/users\/3"}],"replies":[{"embeddable":true,"href":"https:\/\/primicias2262.com\/noticias\/wp-json\/wp\/v2\/comments?post=93300"}],"version-history":[{"count":0,"href":"https:\/\/primicias2262.com\/noticias\/wp-json\/wp\/v2\/posts\/93300\/revisions"}],"wp:attachment":[{"href":"https:\/\/primicias2262.com\/noticias\/wp-json\/wp\/v2\/media?parent=93300"}],"wp:term":[{"taxonomy":"category","embeddable":true,"href":"https:\/\/primicias2262.com\/noticias\/wp-json\/wp\/v2\/categories?post=93300"},{"taxonomy":"post_tag","embeddable":true,"href":"https:\/\/primicias2262.com\/noticias\/wp-json\/wp\/v2\/tags?post=93300"}],"curies":[{"name":"wp","href":"https:\/\/api.w.org\/{rel}","templated":true}]}}