{"id":93313,"date":"2022-09-07T14:51:35","date_gmt":"2022-09-07T17:51:35","guid":{"rendered":"https:\/\/primicias2262.com\/?p=93313"},"modified":"2022-09-07T14:51:35","modified_gmt":"2022-09-07T17:51:35","slug":"empleados-de-comercio-concretamos-un-viejo-anhelo-con-la-compra-de-una-farmacia","status":"publish","type":"post","link":"https:\/\/primicias2262.com\/noticias\/empleados-de-comercio-concretamos-un-viejo-anhelo-con-la-compra-de-una-farmacia\/","title":{"rendered":"Empleados de Comercio: \u201cConcretamos un viejo anhelo con la compra de una farmacia\u201d"},"content":{"rendered":"<p>As\u00ed lo resalt\u00f3 el titular del Sindicato de Empleados de Comercio local (OSECAC &#8211; Obra Social de Empleados de Comercio), Cristian Arriaga, quien en comunicaci\u00f3n telef\u00f3nica con \u201cVoces de la Ciudad\u201d se refiri\u00f3 al nuevo servicio que se brinda en 59 entre 40 y 42, mano hacia el puerto.<\/p>\n<p>Tras la consulta del periodista Jorge G\u00f3mez, el sindicalista narr\u00f3 que \u201ccon la Organizaci\u00f3n Sindical, a trav\u00e9s de la Asociaci\u00f3n Mutual de Empleados de Comercio, hace un mes concretamos un viejo anhelo que es la compra de una farmacia, que es la que est\u00e1 en Av. 59 entre 40 y 42. La idea es transformarla a una farmacia mutual para brindar el servicio a nuestros afiliados, al p\u00fablicos en general, a las diferentes obras sociales y a los sindicatos\u201d.<\/p>\n<p>Arriaga valor\u00f3 que la farmacia est\u00e1 ubicada en un lugar de f\u00e1cil acceso para toda la ciudadan\u00eda y apunt\u00f3 que \u201cya est\u00e1 habilitada como farmacia mutual, siendo la tercera de la ciudad de este tipo, junto a Luz y Fuerza y la Sociedad Espa\u00f1ola\u201d.<\/p>\n<p>Sigui\u00f3 informando que \u201chemos hecho las gestiones pertinentes ante el Colegio de Farmac\u00e9uticos de la Provincia de Buenos Aires y el Ministerio de Salud de la Provincia para lograr convenios con las obras sociales. Es un proyecto que ten\u00edamos hace 6 a\u00f1os, hicimos las primeras incursiones con los mismos propietarios de la farmacia y en funci\u00f3n de ello logramos concretar esto con un esfuerzo enorme de parte del sindicato local, que pag\u00f3 con sus propios fondos una cifra muy significativa\u201d.<\/p>\n<p>A su vez, Arriaga subray\u00f3 que \u201chac\u00eda falta esto para los empleados de comercio porque cuantitativamente somos uno de los gremios m\u00e1s importantes, a su vez teniendo la posibilidad de incorporar todas las obras sociales y las m\u00e1s importantes como PAMI y IOMA. Tenemos que redoblar el esfuerzo para el compromiso de un mayor servicio\u201d.<\/p>\n<p>En ese sentido, inform\u00f3 que actualmente el sindicato hoy est\u00e1 por encima de los 2500 afiliados, lo que se traduce en un n\u00facleo familiar cercano a las 10 mil personas. \u201cNuestra idea es que se incremente el servicio y la accesibilidad a la compra de medicamentos para cumplimentar cualquier tipo de tratamiento\u201d, concluy\u00f3.<\/p>\n","protected":false},"excerpt":{"rendered":"<p>As\u00ed lo resalt\u00f3 el titular del Sindicato de Empleados de Comercio local (OSECAC &#8211; Obra Social de Empleados de Comercio), Cristian Arriaga, quien en comunicaci\u00f3n telef\u00f3nica con \u201cVoces de la Ciudad\u201d se refiri\u00f3 al nuevo servicio que se brinda en 59 entre 40 y 42, mano hacia el puerto. Tras la consulta del periodista Jorge [&hellip;]<\/p>\n","protected":false},"author":3,"featured_media":88527,"comment_status":"closed","ping_status":"closed","sticky":false,"template":"","format":"standard","meta":{"footnotes":""},"categories":[3],"tags":[],"class_list":["post-93313","post","type-post","status-publish","format-standard","has-post-thumbnail","category-masnoticias"],"_links":{"self":[{"href":"https:\/\/primicias2262.com\/noticias\/wp-json\/wp\/v2\/posts\/93313","targetHints":{"allow":["GET"]}}],"collection":[{"href":"https:\/\/primicias2262.com\/noticias\/wp-json\/wp\/v2\/posts"}],"about":[{"href":"https:\/\/primicias2262.com\/noticias\/wp-json\/wp\/v2\/types\/post"}],"author":[{"embeddable":true,"href":"https:\/\/primicias2262.com\/noticias\/wp-json\/wp\/v2\/users\/3"}],"replies":[{"embeddable":true,"href":"https:\/\/primicias2262.com\/noticias\/wp-json\/wp\/v2\/comments?post=93313"}],"version-history":[{"count":0,"href":"https:\/\/primicias2262.com\/noticias\/wp-json\/wp\/v2\/posts\/93313\/revisions"}],"wp:attachment":[{"href":"https:\/\/primicias2262.com\/noticias\/wp-json\/wp\/v2\/media?parent=93313"}],"wp:term":[{"taxonomy":"category","embeddable":true,"href":"https:\/\/primicias2262.com\/noticias\/wp-json\/wp\/v2\/categories?post=93313"},{"taxonomy":"post_tag","embeddable":true,"href":"https:\/\/primicias2262.com\/noticias\/wp-json\/wp\/v2\/tags?post=93313"}],"curies":[{"name":"wp","href":"https:\/\/api.w.org\/{rel}","templated":true}]}}