{"id":93315,"date":"2022-09-07T14:58:35","date_gmt":"2022-09-07T17:58:35","guid":{"rendered":"https:\/\/primicias2262.com\/?p=93315"},"modified":"2022-09-07T14:58:35","modified_gmt":"2022-09-07T17:58:35","slug":"servat-se-mostro-con-buenas-expectativas-por-containers-necochea-y-puerto-gardella","status":"publish","type":"post","link":"https:\/\/primicias2262.com\/noticias\/servat-se-mostro-con-buenas-expectativas-por-containers-necochea-y-puerto-gardella\/","title":{"rendered":"Servat se mostr\u00f3 con buenas expectativas por Containers Necochea y Puerto Gardella"},"content":{"rendered":"<p>El empresario de Containers Necochea, Jos\u00e9 \u201cCholo\u201d Servat, habl\u00f3 del crecimiento de su emprendimiento y se mostr\u00f3 muy entusiasmado con la pronta reapertura de Puerto Gardella, de cara a la temporada de verano.<\/p>\n<p>En los estudios de \u201cVoces de la Ciudad\u201d, Servat dialog\u00f3 con el periodista Jorge G\u00f3mez y primeramente se refiri\u00f3 a Constainers Necochea, al asegurar que \u201cla empresa est\u00e1 bien, todo el tiempo nos incentivamos a seguir creciendo, seguir perfeccion\u00e1ndonos y embellecer el predio de Ruta 86 esquina 94, donde est\u00e1 la f\u00e1brica y pasamos gran parte del d\u00eda\u201d.<\/p>\n<p>\u201cAll\u00ed compartimos con gente que nos va a visitar, incluso viene gente de afuera cada vez m\u00e1s y se amplifican los alcances de Containers, como por ejemplo una casa que vendimos la semana pasada a un matrimonio de Brasil para establecerse en Bariloche, o el martes en Buenos Aires vamos a instalar uno en un country de Buenos Aires\u201d, resalt\u00f3<\/p>\n<p>Explic\u00f3 que \u201ces una casa de cuatro containers para un matrimonio de 75 a\u00f1os, nos encontramos con una realidad totalmente distinta a la que esper\u00e1bamos, porque pens\u00e1bamos que iba a responder la gente joven y se contacta gente de todas las edades\u201d.<\/p>\n<p>Acto seguido, Servat se\u00f1al\u00f3 que \u201cla gente utiliza los containers para dep\u00f3sito, garaje, sal\u00f3n o vivienda, cada d\u00eda se abren m\u00e1s las posibilidades y hasta hay gente de los campos que hacen galpones con containers\u201d, y fue en ese contexto que anticip\u00f3 que \u201cen el corto plazo tendremos en la f\u00e1brica un storage, que es un garaje de containers para que la gente que no tiene un lugar donde guardar las cosas pueda pagar un m\u00ednimo alquiler y guardarlo de forma temporaria en Containers Necochea, es una linda soluci\u00f3n para la gente\u201d.<\/p>\n<p>En cuanto a los beneficios para la ciudad, el empresario destac\u00f3 que \u201cel de Containers es un proyecto social y es de Necochea, todo lo que ponemos en los containers sale de las casas de materiales de la ciudad, el dinero da vueltas en la ciudad y eso est\u00e1 bueno\u201d.<\/p>\n<p>Por otra parte, en miras a la temporada que se aproxima, Servat opin\u00f3 que \u201ceste municipio viene por muy buen camino y creo que en muy corto plazo vamos a ver una ciudad muy linda, estamos bien posicionados, la ciudad est\u00e1 limpia y la gente que viene hace mucho ya vio el cambio\u00bb.<\/p>\n<p>\u00abTenemos muchas cosas a favor, y hay que unirnos en la parte comercial para esperar al turismo de la mejor manera, atender bien y esmerarnos para que cada cliente que venga se encuentre con la mejor atenci\u00f3n porque necesitamos que la gente vuelva otra vez a la ciudad\u201d, a\u00f1adi\u00f3.<\/p>\n<p>Finalmente, se refiri\u00f3 a Puerto Gardella, sobre lo que desliz\u00f3 que \u201cse viene la temporada y en 15 d\u00edas iniciamos las reformas, la temporada pasada fue buen\u00edsima as\u00ed que si tenemos la suerte que el clima nos acompa\u00f1e va a ser muy buena. La econom\u00eda fluct\u00faa, pero las costas nuestras son muy visitadas\u201d.<\/p>\n","protected":false},"excerpt":{"rendered":"<p>El empresario de Containers Necochea, Jos\u00e9 \u201cCholo\u201d Servat, habl\u00f3 del crecimiento de su emprendimiento y se mostr\u00f3 muy entusiasmado con la pronta reapertura de Puerto Gardella, de cara a la temporada de verano. En los estudios de \u201cVoces de la Ciudad\u201d, Servat dialog\u00f3 con el periodista Jorge G\u00f3mez y primeramente se refiri\u00f3 a Constainers Necochea, [&hellip;]<\/p>\n","protected":false},"author":3,"featured_media":93316,"comment_status":"closed","ping_status":"closed","sticky":false,"template":"","format":"standard","meta":{"footnotes":""},"categories":[3],"tags":[],"class_list":["post-93315","post","type-post","status-publish","format-standard","has-post-thumbnail","category-masnoticias"],"_links":{"self":[{"href":"https:\/\/primicias2262.com\/noticias\/wp-json\/wp\/v2\/posts\/93315","targetHints":{"allow":["GET"]}}],"collection":[{"href":"https:\/\/primicias2262.com\/noticias\/wp-json\/wp\/v2\/posts"}],"about":[{"href":"https:\/\/primicias2262.com\/noticias\/wp-json\/wp\/v2\/types\/post"}],"author":[{"embeddable":true,"href":"https:\/\/primicias2262.com\/noticias\/wp-json\/wp\/v2\/users\/3"}],"replies":[{"embeddable":true,"href":"https:\/\/primicias2262.com\/noticias\/wp-json\/wp\/v2\/comments?post=93315"}],"version-history":[{"count":0,"href":"https:\/\/primicias2262.com\/noticias\/wp-json\/wp\/v2\/posts\/93315\/revisions"}],"wp:attachment":[{"href":"https:\/\/primicias2262.com\/noticias\/wp-json\/wp\/v2\/media?parent=93315"}],"wp:term":[{"taxonomy":"category","embeddable":true,"href":"https:\/\/primicias2262.com\/noticias\/wp-json\/wp\/v2\/categories?post=93315"},{"taxonomy":"post_tag","embeddable":true,"href":"https:\/\/primicias2262.com\/noticias\/wp-json\/wp\/v2\/tags?post=93315"}],"curies":[{"name":"wp","href":"https:\/\/api.w.org\/{rel}","templated":true}]}}