{"id":93318,"date":"2022-09-07T15:04:28","date_gmt":"2022-09-07T18:04:28","guid":{"rendered":"https:\/\/primicias2262.com\/?p=93318"},"modified":"2022-09-07T15:04:28","modified_gmt":"2022-09-07T18:04:28","slug":"juegos-bonaerenses-la-etapa-regional-del-futbol-playa-se-disputo-en-nuestra-ciudad","status":"publish","type":"post","link":"https:\/\/primicias2262.com\/noticias\/juegos-bonaerenses-la-etapa-regional-del-futbol-playa-se-disputo-en-nuestra-ciudad\/","title":{"rendered":"Juegos Bonaerenses: la etapa regional del F\u00fatbol Playa se disput\u00f3 en nuestra ciudad"},"content":{"rendered":"<p>Con un clima casi veraniego recibiendo a la jornada de competencia, se desarroll\u00f3 durante la ma\u00f1ana y parte de la tarde de este mi\u00e9rcoles la etapa regional de la disciplina F\u00fatbol Playa en la costa local, con la participaci\u00f3n de equipos juveniles de los siete municipios que componen la Regi\u00f3n XVI junto al distrito de Necochea en esta edici\u00f3n 2022 de los Juegos Bonaerenses.<\/p>\n<p>Acompa\u00f1ando la actividad, el secretario de Turismo y Desarrollo Productivo de la Municipalidad de Necochea, bajo cuya \u00f3rbita funciona la Direcci\u00f3n de Deportes, asegur\u00f3 que, adem\u00e1s de la propia disputa atl\u00e9tica, \u201ces importante que los chicos puedan disfrutar de esta jornada y que puedan conocer nuestra ciudad\u201d.<\/p>\n<p>Mat\u00edas Sierra resalt\u00f3 tambi\u00e9n la particularidad de que no se hab\u00eda realizado nunca esta instancia en el distrito, aun conociendo las bondades de nuestras playas para la pr\u00e1ctica de este tipo de disciplina.<\/p>\n<p>\u201cEn esta etapa de semifinales, est\u00e1n participando representantes de Ayacucho, Tandil, Mar del Plata, Balcarce, Lober\u00eda, General Alvarado y Mar Chiquita, m\u00e1s los dos colegios de Necochea\u201d, detall\u00f3 el funcionario, para cederle la palabra a Guadalupe Hern\u00e1ndez, titular del espacio que dirige los destinos deportivos desde la comuna.<\/p>\n<p>En cuanto al evento que se desarroll\u00f3 a la altura del Balneario Tarsis, fue la profesora de Educaci\u00f3n F\u00edsica la encargada de sintetizar las especificaciones b\u00e1sicas de la competencia. \u201cEn esta etapa regional tenemos categor\u00edas femenina y masculina para tres distintas edades: Sub 14, Sub 16 y Sub 18\u201d, defini\u00f3.<\/p>\n","protected":false},"excerpt":{"rendered":"<p>Con un clima casi veraniego recibiendo a la jornada de competencia, se desarroll\u00f3 durante la ma\u00f1ana y parte de la tarde de este mi\u00e9rcoles la etapa regional de la disciplina F\u00fatbol Playa en la costa local, con la participaci\u00f3n de equipos juveniles de los siete municipios que componen la Regi\u00f3n XVI junto al distrito de [&hellip;]<\/p>\n","protected":false},"author":3,"featured_media":93319,"comment_status":"closed","ping_status":"closed","sticky":false,"template":"","format":"standard","meta":{"footnotes":""},"categories":[3],"tags":[],"class_list":["post-93318","post","type-post","status-publish","format-standard","has-post-thumbnail","category-masnoticias"],"_links":{"self":[{"href":"https:\/\/primicias2262.com\/noticias\/wp-json\/wp\/v2\/posts\/93318","targetHints":{"allow":["GET"]}}],"collection":[{"href":"https:\/\/primicias2262.com\/noticias\/wp-json\/wp\/v2\/posts"}],"about":[{"href":"https:\/\/primicias2262.com\/noticias\/wp-json\/wp\/v2\/types\/post"}],"author":[{"embeddable":true,"href":"https:\/\/primicias2262.com\/noticias\/wp-json\/wp\/v2\/users\/3"}],"replies":[{"embeddable":true,"href":"https:\/\/primicias2262.com\/noticias\/wp-json\/wp\/v2\/comments?post=93318"}],"version-history":[{"count":0,"href":"https:\/\/primicias2262.com\/noticias\/wp-json\/wp\/v2\/posts\/93318\/revisions"}],"wp:attachment":[{"href":"https:\/\/primicias2262.com\/noticias\/wp-json\/wp\/v2\/media?parent=93318"}],"wp:term":[{"taxonomy":"category","embeddable":true,"href":"https:\/\/primicias2262.com\/noticias\/wp-json\/wp\/v2\/categories?post=93318"},{"taxonomy":"post_tag","embeddable":true,"href":"https:\/\/primicias2262.com\/noticias\/wp-json\/wp\/v2\/tags?post=93318"}],"curies":[{"name":"wp","href":"https:\/\/api.w.org\/{rel}","templated":true}]}}