{"id":93334,"date":"2022-09-08T13:03:50","date_gmt":"2022-09-08T16:03:50","guid":{"rendered":"https:\/\/primicias2262.com\/?p=93334"},"modified":"2022-09-08T13:03:50","modified_gmt":"2022-09-08T16:03:50","slug":"detuvieron-a-un-hombre-que-provoco-danos-en-el-restaurante-de-la-terminal","status":"publish","type":"post","link":"https:\/\/primicias2262.com\/noticias\/detuvieron-a-un-hombre-que-provoco-danos-en-el-restaurante-de-la-terminal\/","title":{"rendered":"Detuvieron a un hombre que provoc\u00f3 da\u00f1os en el restaurante de la Terminal"},"content":{"rendered":"<p>Un hombre fue aprehendido luego de provocar da\u00f1os en el restaurante de la Terminal de Omnibus y de lesionar a algunos comensales.<\/p>\n<p>Seg\u00fan se inform\u00f3, el concesionario del restaurante inform\u00f3 a los uniformados que un sujeto provoc\u00f3 da\u00f1os en la vidriera y atac\u00f3 a algunos comensales, uno de los cuales presentaba lesiones leves en una de sus manos.<\/p>\n<p>La Polic\u00eda logr\u00f3 aprehender a un hombre de 48 a\u00f1os, identificado como M.A.O., quien se hallaba en inmediaciones de lugar, siendo trasladado hasta la Comisar\u00eda Primera para cumplimentar los recaudos legales. Se iniciaron actuaciones por da\u00f1o y lesiones leves con intervenci\u00f3n de la UFI N\u00b0 3.<\/p>\n","protected":false},"excerpt":{"rendered":"<p>Un hombre fue aprehendido luego de provocar da\u00f1os en el restaurante de la Terminal de Omnibus y de lesionar a algunos comensales. Seg\u00fan se inform\u00f3, el concesionario del restaurante inform\u00f3 a los uniformados que un sujeto provoc\u00f3 da\u00f1os en la vidriera y atac\u00f3 a algunos comensales, uno de los cuales presentaba lesiones leves en una [&hellip;]<\/p>\n","protected":false},"author":3,"featured_media":93335,"comment_status":"closed","ping_status":"closed","sticky":false,"template":"","format":"standard","meta":{"footnotes":""},"categories":[3],"tags":[],"class_list":["post-93334","post","type-post","status-publish","format-standard","has-post-thumbnail","category-masnoticias"],"_links":{"self":[{"href":"https:\/\/primicias2262.com\/noticias\/wp-json\/wp\/v2\/posts\/93334","targetHints":{"allow":["GET"]}}],"collection":[{"href":"https:\/\/primicias2262.com\/noticias\/wp-json\/wp\/v2\/posts"}],"about":[{"href":"https:\/\/primicias2262.com\/noticias\/wp-json\/wp\/v2\/types\/post"}],"author":[{"embeddable":true,"href":"https:\/\/primicias2262.com\/noticias\/wp-json\/wp\/v2\/users\/3"}],"replies":[{"embeddable":true,"href":"https:\/\/primicias2262.com\/noticias\/wp-json\/wp\/v2\/comments?post=93334"}],"version-history":[{"count":0,"href":"https:\/\/primicias2262.com\/noticias\/wp-json\/wp\/v2\/posts\/93334\/revisions"}],"wp:attachment":[{"href":"https:\/\/primicias2262.com\/noticias\/wp-json\/wp\/v2\/media?parent=93334"}],"wp:term":[{"taxonomy":"category","embeddable":true,"href":"https:\/\/primicias2262.com\/noticias\/wp-json\/wp\/v2\/categories?post=93334"},{"taxonomy":"post_tag","embeddable":true,"href":"https:\/\/primicias2262.com\/noticias\/wp-json\/wp\/v2\/tags?post=93334"}],"curies":[{"name":"wp","href":"https:\/\/api.w.org\/{rel}","templated":true}]}}