{"id":93337,"date":"2022-09-08T13:14:44","date_gmt":"2022-09-08T16:14:44","guid":{"rendered":"https:\/\/primicias2262.com\/?p=93337"},"modified":"2022-09-08T13:14:44","modified_gmt":"2022-09-08T16:14:44","slug":"rojas-y-autoridades-de-utn-dialogaron-sobre-la-oferta-educativa-y-las-demandas-locales","status":"publish","type":"post","link":"https:\/\/primicias2262.com\/noticias\/rojas-y-autoridades-de-utn-dialogaron-sobre-la-oferta-educativa-y-las-demandas-locales\/","title":{"rendered":"Rojas y autoridades de la UTN dialogaron sobre la oferta educativa y las demandas locales"},"content":{"rendered":"<p><strong>El encuentro se concret\u00f3 durante una visita de car\u00e1cter informativa que encabez\u00f3 el Decano de la Facultad Regional de Mar del Plata, Fernando Scholtus, al Instituto de Estudios Superiores R\u00edo Quequ\u00e9n.<\/strong><\/p>\n<p>En el marco de una charla dirigida a alumnos del nivel secundario sobre la oferta educativa del Instituto de Estudios Superiores R\u00edo Quequ\u00e9n y las propuestas de la Universidad Tecnol\u00f3gica Nacional en la ciudad, el intendente Arturo Rojas visit\u00f3 la casa de altos estudios ubicada en 58 y 51 donde se reuni\u00f3 con las autoridades anfitrionas y de la UTN de Mar del Plata.<\/p>\n<p>La comitiva de la Universidad estuvo encabezada por el Ingeniero Mec\u00e1nico, Fernando Scholtus, quien es el primer Decano Electo de la UTN en la Facultad Regional de Mar del Plata, y tras el encuentro con autoridades municipales resalt\u00f3 que \u201cnos llevamos una muy buena impresi\u00f3n de la visita del Intendente, con quien ven\u00edamos teniendo conversaciones, entendiendo que en conjunto se pueda llevar adelante una articulaci\u00f3n p\u00fablico-privada para empezar a resolver necesidades de la comunidad en referencia a la parte educativa y de formar capacidades en el trabajo\u201d.<\/p>\n<p>En ese sentido, Scholtus refiri\u00f3 que \u201cdesde nuestro lugar vinimos a escuchar las demandas y ver cu\u00e1l es el granito que podemos aportar. Hay cosas que podemos ofrecer en lo inmediato, vinculadas a la demanda de formaci\u00f3n pedag\u00f3gica de profesionales, pero tambi\u00e9n con la idea de presentar a la universidad y sus caracter\u00edsticas y as\u00ed poder establecer un an\u00e1lisis de la demanda necochense y trabajar en conjunto para ver c\u00f3mo ir cubriendo\u201d.<\/p>\n<p>Si bien el eje de la Universidad Tecnol\u00f3gica Nacional est\u00e1 puesto en las ingenier\u00edas, el decano aclar\u00f3 que \u201cpor el alcance territorial y el car\u00e1cter federal de la UTN tambi\u00e9n vamos escuchando un poco las demandas y entendemos que el objetivo, orientado en lo que se pretende desde el municipio, es por sobre todas las cosas darle oportunidades al necochense\u201d.<\/p>\n<p>En la ocasi\u00f3n, el jefe comunal fue acompa\u00f1ado por la secretaria de Desarrollo Humano, Sandra Antenucci; y la directora de Educaci\u00f3n, Mariela Cellerino; mientras que junto a Scholtus por la UTN, asistieron el Secretario Acad\u00e9mico N\u00e9stor Machado Susseret y el Subsecretario de Cultura y extensi\u00f3n Universitaria, Patricio Arias. Por su parte, la instituci\u00f3n anfitriona estuvo representada por el director Germ\u00e1n De La Canal; la Secretaria Acad\u00e9mica Silvia Gurrieri; la Coordinadora Acad\u00e9mica, Marcela Abete; y el representante legal Carlos Bugando.<\/p>\n<p>Es v\u00e1lido informar que las tecnicaturas disponibles actualmente en el Instituto R\u00edo Quequ\u00e9n son seis: Tecnicatura Superior en Farmacia Hospitalaria; en Enfermer\u00eda; en Hemoterapia; en Instrumentaci\u00f3n Quir\u00fargica; en Laboratorio de An\u00e1lisis Cl\u00ednicos; y en Radiolog\u00eda. Mientras que en convenio con la UTN Mar del Plata se brinda la Tecnicatura Universitaria en Programaci\u00f3n; el Profesorado en Docencia Superior y el Profesorado en Disciplinas Industriales.<\/p>\n<p><strong>Adem\u00e1s, el Instituto cuenta con los siguientes espacios formativos:<\/strong><\/p>\n<p><strong>Nuevas carreras en convenio con UCES Modalidad virtual<\/strong><\/p>\n<p>Abogac\u00eda<br \/>\nContador p\u00fablico<br \/>\nComercio exterior<br \/>\nAdministraci\u00f3n de Empresas<br \/>\nMarketing<br \/>\nRecursos humanos<br \/>\nHoteler\u00eda y Turismo<br \/>\nRelaciones P\u00fablicas e Institucionales<\/p>\n<p><strong>CICLOS (CCC: Ciclo de Complementaci\u00f3n Curricular) para T\u00e9cnicos interesados en completar su formaci\u00f3n:<\/strong><\/p>\n<p>CCC en Recursos Humanos<br \/>\nCCC en Administraci\u00f3n de Empresas<br \/>\nCCC en Marketing<br \/>\nCCC en Comercio Exterior<br \/>\nCCC en Turismo y Hoteler\u00eda<br \/>\nCCC en Relaciones P\u00fablicas e Institucionales<\/p>\n","protected":false},"excerpt":{"rendered":"<p>El encuentro se concret\u00f3 durante una visita de car\u00e1cter informativa que encabez\u00f3 el Decano de la Facultad Regional de Mar del Plata, Fernando Scholtus, al Instituto de Estudios Superiores R\u00edo Quequ\u00e9n. En el marco de una charla dirigida a alumnos del nivel secundario sobre la oferta educativa del Instituto de Estudios Superiores R\u00edo Quequ\u00e9n y [&hellip;]<\/p>\n","protected":false},"author":3,"featured_media":93339,"comment_status":"closed","ping_status":"closed","sticky":false,"template":"","format":"standard","meta":{"footnotes":""},"categories":[3],"tags":[],"class_list":["post-93337","post","type-post","status-publish","format-standard","has-post-thumbnail","category-masnoticias"],"_links":{"self":[{"href":"https:\/\/primicias2262.com\/noticias\/wp-json\/wp\/v2\/posts\/93337","targetHints":{"allow":["GET"]}}],"collection":[{"href":"https:\/\/primicias2262.com\/noticias\/wp-json\/wp\/v2\/posts"}],"about":[{"href":"https:\/\/primicias2262.com\/noticias\/wp-json\/wp\/v2\/types\/post"}],"author":[{"embeddable":true,"href":"https:\/\/primicias2262.com\/noticias\/wp-json\/wp\/v2\/users\/3"}],"replies":[{"embeddable":true,"href":"https:\/\/primicias2262.com\/noticias\/wp-json\/wp\/v2\/comments?post=93337"}],"version-history":[{"count":0,"href":"https:\/\/primicias2262.com\/noticias\/wp-json\/wp\/v2\/posts\/93337\/revisions"}],"wp:attachment":[{"href":"https:\/\/primicias2262.com\/noticias\/wp-json\/wp\/v2\/media?parent=93337"}],"wp:term":[{"taxonomy":"category","embeddable":true,"href":"https:\/\/primicias2262.com\/noticias\/wp-json\/wp\/v2\/categories?post=93337"},{"taxonomy":"post_tag","embeddable":true,"href":"https:\/\/primicias2262.com\/noticias\/wp-json\/wp\/v2\/tags?post=93337"}],"curies":[{"name":"wp","href":"https:\/\/api.w.org\/{rel}","templated":true}]}}