{"id":93341,"date":"2022-09-08T13:27:10","date_gmt":"2022-09-08T16:27:10","guid":{"rendered":"https:\/\/primicias2262.com\/?p=93341"},"modified":"2022-09-08T13:27:10","modified_gmt":"2022-09-08T16:27:10","slug":"lisandro-dones-la-carencia-de-viviendas-es-muy-grande-en-necochea","status":"publish","type":"post","link":"https:\/\/primicias2262.com\/noticias\/lisandro-dones-la-carencia-de-viviendas-es-muy-grande-en-necochea\/","title":{"rendered":"Lisandro Dones: \u201cLa carencia de viviendas es muy grande en Necochea\u201d"},"content":{"rendered":"<p>El director de H\u00e1bitat y Vivienda de la Municipalidad, Lisandro Dones, se refiri\u00f3 a la alta demanda de casas, terrenos y lotes entre la poblaci\u00f3n, y en tal sentido explic\u00f3 las gestiones que realizaron en Provincia con resultados muy alentadores.<\/p>\n<p>En \u201cVoces de la Ciudad\u201d, consultado por el periodista Jorge G\u00f3mez, el funcionario afirm\u00f3 que \u201cla carencia de vivienda es muy grande en Necochea, como as\u00ed de terrenos y lotes, es una carencia generalizada en Provincia y Naci\u00f3n\u201d, y por ende explic\u00f3 que \u201cdesde H\u00e1bitat y Vivienda estuvimos buscando un expediente que es el del Plan Federal N\u00ba 2 en Quequ\u00e9n, que hab\u00eda quedado descontinuado desde el a\u00f1o 2007 y desde esa parte hasta ahora nadie lo hab\u00eda reclamado\u201d.<\/p>\n<p>Continu\u00f3 informando que \u201cse inici\u00f3 en 2006 y por problemas de financiamiento en el gobierno del intendente Daniel Molina qued\u00f3 suspendida la obra cuando hab\u00edan llegado hasta los dinteles y se ha ido vandalizando el lugar\u00bb.<\/p>\n<p>\u00abHoy lo \u00fanico que se puede encontrar son las vigas, as\u00ed que empezamos a investigar el expediente y las notas y encontramos que se dieron de baja los convenios de construcci\u00f3n con las empresas, eran 109 viviendas en un sector detr\u00e1s del Hospital Irurzun de Quequ\u00e9n. Empezamos a gestionar con el Instituto de la Vivienda de la Provincia la posibilidad de reactivar este programa y ponerlo nuevamente en marcha, sabiendo la carencia de viviendas que tenemos en Necochea y Quequ\u00e9n\u201d, puntualiz\u00f3.<\/p>\n<p>A\u00f1adi\u00f3 que \u201cRodolfo Macera, director del Instituto de la Vivienda, nos concedi\u00f3 una entrevista, antes le expuse la necesidad no solo de reactivar este programa sino de ver la posibilidad de generar nuevos proyectos, y as\u00ed fue que viajamos con Adri\u00e1n Furno y el propio intendente Arturo Rojas y nos reunimos all\u00ed, expusimos estas necesidades y se mostraron muy optimistas\u201d.<\/p>\n<p>Se mostr\u00f3 optimista al decir que \u201cnos comentaban de otros distritos donde planes federales que hab\u00edan quedado abandonados hab\u00edan sido nuevamente puestos en marcha, as\u00ed que es posible\u201d.<\/p>\n<p>Explic\u00f3 en concreto que \u201cel desaf\u00edo en este caso ser\u00eda poner en marcha la documentaci\u00f3n y que quede todo ordenado para reactivar el proyecto de 109 viviendas mediante la financiaci\u00f3n de la Provincia. Son 60 metros cuadrados y casas de dos dormitorios, expusimos que ten\u00edamos las vigas de fundaci\u00f3n de modelos de vivienda de hace 15 a\u00f1os, a lo cual Macera nos asegur\u00f3 que tienen viviendas mucho m\u00e1s modernas y grandes y nos propuso levantar las vigas que hay y empezar de cero. Est\u00e1n analizando la documentaci\u00f3n y en estos d\u00edas nos avisar\u00e1n c\u00f3mo seguimos\u201d.<\/p>\n<p>En cuanto a la adjudicaci\u00f3n de estas 109 casas, Dones aclar\u00f3 que \u201cestamos evaluando con la Secretar\u00eda de Desarrollo, a cargo de Sandra Antenucci, para organizar el sistema de adjudicaci\u00f3n, pero reci\u00e9n estamos avanzando con la gesti\u00f3n de la reactivaci\u00f3n de estas casas. Ya tenemos un listado de gente que espera viviendas y terrenos, pero es algo que tenemos que ordenar\u201d.<\/p>\n<p>Finalmente, se refiri\u00f3 a cuatroterrenos fiscales y que se destinar\u00edan a la construcci\u00f3n de viviendas, en 16 y 63, 47 y 58, 51 y 22 y 88 y 67 bis. \u201cSon los lotes de terreno que presentamos ante el Instituto de la Vivienda para poder hacer un desarrollo inmobiliario que nos ayude a dar respuesta a la solicitud de viviendas que tenemos. Adem\u00e1s de nosotros, hay algunos sindicatos que est\u00e1n trabajando tambi\u00e9n para la generaci\u00f3n de viviendas, el objetivo de todos es el mismo\u201d, culmin\u00f3.<\/p>\n","protected":false},"excerpt":{"rendered":"<p>El director de H\u00e1bitat y Vivienda de la Municipalidad, Lisandro Dones, se refiri\u00f3 a la alta demanda de casas, terrenos y lotes entre la poblaci\u00f3n, y en tal sentido explic\u00f3 las gestiones que realizaron en Provincia con resultados muy alentadores. En \u201cVoces de la Ciudad\u201d, consultado por el periodista Jorge G\u00f3mez, el funcionario afirm\u00f3 que [&hellip;]<\/p>\n","protected":false},"author":3,"featured_media":92034,"comment_status":"closed","ping_status":"closed","sticky":false,"template":"","format":"standard","meta":{"footnotes":""},"categories":[3],"tags":[],"class_list":["post-93341","post","type-post","status-publish","format-standard","has-post-thumbnail","category-masnoticias"],"_links":{"self":[{"href":"https:\/\/primicias2262.com\/noticias\/wp-json\/wp\/v2\/posts\/93341","targetHints":{"allow":["GET"]}}],"collection":[{"href":"https:\/\/primicias2262.com\/noticias\/wp-json\/wp\/v2\/posts"}],"about":[{"href":"https:\/\/primicias2262.com\/noticias\/wp-json\/wp\/v2\/types\/post"}],"author":[{"embeddable":true,"href":"https:\/\/primicias2262.com\/noticias\/wp-json\/wp\/v2\/users\/3"}],"replies":[{"embeddable":true,"href":"https:\/\/primicias2262.com\/noticias\/wp-json\/wp\/v2\/comments?post=93341"}],"version-history":[{"count":0,"href":"https:\/\/primicias2262.com\/noticias\/wp-json\/wp\/v2\/posts\/93341\/revisions"}],"wp:attachment":[{"href":"https:\/\/primicias2262.com\/noticias\/wp-json\/wp\/v2\/media?parent=93341"}],"wp:term":[{"taxonomy":"category","embeddable":true,"href":"https:\/\/primicias2262.com\/noticias\/wp-json\/wp\/v2\/categories?post=93341"},{"taxonomy":"post_tag","embeddable":true,"href":"https:\/\/primicias2262.com\/noticias\/wp-json\/wp\/v2\/tags?post=93341"}],"curies":[{"name":"wp","href":"https:\/\/api.w.org\/{rel}","templated":true}]}}