{"id":93343,"date":"2022-09-08T13:31:47","date_gmt":"2022-09-08T16:31:47","guid":{"rendered":"https:\/\/primicias2262.com\/?p=93343"},"modified":"2022-09-08T13:31:47","modified_gmt":"2022-09-08T16:31:47","slug":"santiago-veiga-representara-en-roma-a-los-periodistas-deportivos-de-la-argentina","status":"publish","type":"post","link":"https:\/\/primicias2262.com\/noticias\/santiago-veiga-representara-en-roma-a-los-periodistas-deportivos-de-la-argentina\/","title":{"rendered":"Santiago Veiga representar\u00e1 en Roma a los periodistas deportivos de la Argentina"},"content":{"rendered":"<p dir=\"auto\">El presidente de la Federaci\u00f3n Argentina de Periodistas Deportivos (FAPED), y a su vez socio fundador del Circulo local, presidente con mandato cumplido y actual vocal, Santiago Veiga estar\u00e1 en Roma del 2 al 6 de octubre con motivo del encuentro y renovaci\u00f3n de autoridades del principal organismo profesional que representa a los medios deportivos internacionales.<\/p>\n<p dir=\"auto\">Del 2 al 6 de octubre pr\u00f3ximos se desarrollar\u00e1 en Roma el 84\u00b0 Congreso de la AIPS (Asociaci\u00f3n Internacional de Prensa Deportiva), entidad a la que est\u00e1 afiliada la Federaci\u00f3n Argentina de Periodistas Deportivos. En esta ocasi\u00f3n la entidad estar\u00e1 representada por su presidente, Santiago Oscar Veiga. Durante el congreso se tratar\u00e1n diferentes temas concernientes a las entidades que nuclean a la prensa deportiva de todo el mundo, como tambi\u00e9n habr\u00e1 renovaci\u00f3n de autoridades, tanto en AIPS como en AIPS Am\u00e9rica. Tambi\u00e9n, durante este encuentro en Roma habr\u00e1 charlas, debates y disertaciones.<\/p>\n<p dir=\"auto\">El programa de actividades del Congreso que se desarrollar\u00e1 en la capital italiana, es el siguiente: domingo 2 de octubre, llegada de los miembros del comit\u00e9 ejecutivo de la AIPS. Lunes 3, a la hora 10 ser\u00e1 la reuni\u00f3n de dicho comit\u00e9 de AIPS y llegada de los delegados. En horas de la tarde habr\u00e1 una charla debate abierta con el presidente de la UEFA Alexander Ceferin y el \u00a0presidente de AIPS, Gianni Merlo.<\/p>\n<p dir=\"auto\">La reuni\u00f3n tendr\u00e1 lugar a la hora 15 en el auditorio del Hotel TH Carpegna Palace. El martes 4 a las 8 ser\u00e1n las secciones continentales. A las 11.30, ser\u00e1 la presentaci\u00f3n del congreso y a las 13,30 el almuerzo. A la hora 14.30 ser\u00e1 la apertura del congreso, desarroll\u00e1ndose durante buena parte de la tarde. El mi\u00e9rcoles 5, el congreso sesionar\u00e1 de 9 a 13.30 para luego dar paso al almuerzo. La actividad se reanudar\u00e1 entre las 14.30 y 18.30.<\/p>\n<p dir=\"auto\">El jueves, en lo que ser\u00e1 la \u00faltima jornada, habr\u00e1 salidas y paseos especiales. La Asociaci\u00f3n Internacional de Prensa Deportiva (AIPS) es el principal organismo profesional que representa a los medios deportivos internacionales, con m\u00e1s de 9.500 miembros en todo el mundo. AIPS se estableci\u00f3 en Par\u00eds, en 1924, como L&#8217;Association Internationale de la Presse Sportive, por el jefe de prensa de los Juegos, Frantz Reichel, y el belga, Victor Boin. La abreviatura oficialmente aprobada del nombre de la Asociaci\u00f3n es AIPS y su sede se encuentra en la capital ol\u00edmpica de Lausana, Suiza.<\/p>\n<p dir=\"auto\">El primer Congreso se llev\u00f3 a cabo en julio de 1924, con la presencia de 29 naciones. AIPS est\u00e1 reconocida por el Comit\u00e9 Ol\u00edmpico Internacional y las principales Federaciones de cada deporte y pa\u00eds.<\/p>\n<p dir=\"auto\">El objetivo de AIPS es mejorar la cooperaci\u00f3n entre sus asociaciones miembros en la defensa del deporte y los intereses profesionales de los miembros, fortalecer la amistad, la solidaridad y los intereses comunes entre los periodistas deportivos de todas las naciones y asegurar las mejores condiciones laborales posibles para los miembros.<\/p>\n<p dir=\"auto\">La organizaci\u00f3n capitaliza las oportunidades \u00fanicas que presenta el complejo mundo del deporte, a trav\u00e9s de campeonatos, personalidades, atletas, eventos, competencias, congresos, investigaciones, textos, im\u00e1genes y fotograf\u00edas que se generan d\u00eda a d\u00eda, para articular con la poblaci\u00f3n en general. AIPS es una organizaci\u00f3n independiente, financiada a trav\u00e9s de cuotas de membres\u00eda y contribuciones de organismos internacionales y federaciones en todo el mundo. La entidad est\u00e1 compuesta por 160 asociaciones miembro y est\u00e1 compuesta por cuatro secciones continentales, cada una con su propia historia y liderazgo. Las secciones continentales incluyen Asia, Am\u00e9rica, Europa y \u00c1frica.<\/p>\n","protected":false},"excerpt":{"rendered":"<p>El presidente de la Federaci\u00f3n Argentina de Periodistas Deportivos (FAPED), y a su vez socio fundador del Circulo local, presidente con mandato cumplido y actual vocal, Santiago Veiga estar\u00e1 en Roma del 2 al 6 de octubre con motivo del encuentro y renovaci\u00f3n de autoridades del principal organismo profesional que representa a los medios deportivos [&hellip;]<\/p>\n","protected":false},"author":3,"featured_media":93344,"comment_status":"closed","ping_status":"closed","sticky":false,"template":"","format":"standard","meta":{"footnotes":""},"categories":[3],"tags":[],"class_list":["post-93343","post","type-post","status-publish","format-standard","has-post-thumbnail","category-masnoticias"],"_links":{"self":[{"href":"https:\/\/primicias2262.com\/noticias\/wp-json\/wp\/v2\/posts\/93343","targetHints":{"allow":["GET"]}}],"collection":[{"href":"https:\/\/primicias2262.com\/noticias\/wp-json\/wp\/v2\/posts"}],"about":[{"href":"https:\/\/primicias2262.com\/noticias\/wp-json\/wp\/v2\/types\/post"}],"author":[{"embeddable":true,"href":"https:\/\/primicias2262.com\/noticias\/wp-json\/wp\/v2\/users\/3"}],"replies":[{"embeddable":true,"href":"https:\/\/primicias2262.com\/noticias\/wp-json\/wp\/v2\/comments?post=93343"}],"version-history":[{"count":0,"href":"https:\/\/primicias2262.com\/noticias\/wp-json\/wp\/v2\/posts\/93343\/revisions"}],"wp:attachment":[{"href":"https:\/\/primicias2262.com\/noticias\/wp-json\/wp\/v2\/media?parent=93343"}],"wp:term":[{"taxonomy":"category","embeddable":true,"href":"https:\/\/primicias2262.com\/noticias\/wp-json\/wp\/v2\/categories?post=93343"},{"taxonomy":"post_tag","embeddable":true,"href":"https:\/\/primicias2262.com\/noticias\/wp-json\/wp\/v2\/tags?post=93343"}],"curies":[{"name":"wp","href":"https:\/\/api.w.org\/{rel}","templated":true}]}}