{"id":93347,"date":"2022-09-08T13:43:36","date_gmt":"2022-09-08T16:43:36","guid":{"rendered":"https:\/\/primicias2262.com\/?p=93347"},"modified":"2022-09-08T13:43:36","modified_gmt":"2022-09-08T16:43:36","slug":"este-fin-de-semana-habra-multiples-actividades-en-el-centro-cultural","status":"publish","type":"post","link":"https:\/\/primicias2262.com\/noticias\/este-fin-de-semana-habra-multiples-actividades-en-el-centro-cultural\/","title":{"rendered":"Este fin de semana habr\u00e1 m\u00faltiples actividades en el Centro Cultural"},"content":{"rendered":"<p><strong>Muestras, poes\u00eda, feria, tango y para el s\u00e1bado, la Cultural Beer Fest<\/strong><\/p>\n<p>El Centro Cultural Necoche\/ Biblioteca Popular Andr\u00e9s Ferreyra (CCN\/BPAF) invit\u00f3 a disfrutar de las actividades organizadas para los pr\u00f3ximos d\u00edas que incluyen un abanico de propuestas para todos los p\u00fablicos.<\/p>\n<p><strong>Jueves 8 de septiembre:<\/strong><\/p>\n<p>Encuentros Musicales. A las 16:00 horas. Coordina profesora Ana Gabino. Se proyectar\u00e1 la pel\u00edcula \u201cAniceto\u201d de Leonardo Favio. Filmada en 2008, es la segunda versi\u00f3n de la pel\u00edcula.<\/p>\n<p>Conocida popularmente como El romance del Aniceto y la Francisca (1967), y que<br \/>\ntambi\u00e9n est\u00e1 basada en el cuento de Zuhair Jury. En esta oportunidad la historia es narrada a trav\u00e9s de escenas de ballet y tango. Entrada libre y gratuita.<\/p>\n<p>A las 19:00 horas, inaugura su muestra Christian Florent\u00edn en &amp;quot; 1000 Formas de&#8230;&amp;quot;, el cafecito del Centro Cultural. El artista presenta: \u201cLa carrera hacia ning\u00fan lugar, el ocaso de los \u00eddolos\u201d. La entrada es libre y gratuita.<\/p>\n<p>Clases de tango. A las 19:00 horas y para todos los niveles. A cargo de los profesores Agustina Russo y Mat\u00edas Alvarez. No es necesario tener conocimientos previos ni asistir en pareja. Valor de la clase: 400 pesos.<\/p>\n<p><strong>Viernes 9 de septiembre:<\/strong><\/p>\n<p>Se abre la Ecoferia a partir de las 10:00 horas, donde se podr\u00e1n comprar productos locales y artesanales. Habr\u00e1 gran variedad y buenos precios. Entre los stands, se destacan uno con plantines y flores, adem\u00e1s de trabajos en madera, cosm\u00e9tica natural y tejidos. Estar\u00e1 funcionando hasta las 14:00 horas.<\/p>\n<p>Ese mismo d\u00eda, a las 18:30 horas Anabell Anzorena Su\u00e1rez y Micaela Kessler comenzar\u00e1n con el dictado del taller de poes\u00eda &amp;quot;M\u00e1s all\u00e1 del mar&amp;quot;. Propone un viaje hacia las profundidades del lenguaje po\u00e9tico. A trav\u00e9s de un acercamiento a la poes\u00eda de poetas contempor\u00e1neos.<\/p>\n<p>Se invita a trabajar la palabra como potencia y a ejercitar el oficio de la<br \/>\nescritura desde el trabajo con la creatividad y la b\u00fasqueda de la voz\u00a0propia. Cuatro encuentros, todos los viernes en sala Bellocq, primer piso. A la gorra.<\/p>\n<p><strong>S\u00e1bado 10 de septiembre:<\/strong><\/p>\n<p>El s\u00e1bado, La Cultural Beer Fest. A partir de las 20:00 horas. Evento organizado en conjunto con cerveceros artesanales locales. Habr\u00e1 gastronom\u00eda, m\u00fasica y cerveza artesanal. Participan Beer Rex, 12 Brujas, Vieja Estaci\u00f3n y Geiser. La Bifurcada ser\u00e1 la banda invitada. DJ: Adri\u00e1n Alvarez. Moudnes. Habr\u00e1 stand de Fusi\u00f3n Wok, ilPopotte, y<br \/>\nopciones libre de gluten. El valor de la entrada anticipada es de 1000 pesos.<\/p>\n<p><strong>Salas de exposiciones:<\/strong><br \/>\n&#8211; En \u201cHall de Exposiciones\u201d ubicado al ingreso del edificio. \u201cSoledades Humanas\u201d -Grabados-. Muestra de Julieta Warman.<\/p>\n<p>&#8211; En la Sala Pedro Arozarena, en el primer piso. \u201cMal\u00f3n\u201d- grabados-. Silvana Cerrato, Osvaldo Jalil, Ivo Jurozdicki, Marcelo Kopp, David Marthi, Daniela Sobrero y Carolina Da Silva, son los y las artistas que integran este colectivo.<\/p>\n<p>&#8211; En el rellano de la escalera. \u201cManifiesto\u201d. Muestra y enunciaci\u00f3n. Intervenci\u00f3n de Bosque y Comunidad. En un espacio donde, sobre la pared frontal, la direcci\u00f3n del Centro Cultural ha vuelto a colgar una foto hist\u00f3rica del Parque Miguel Lillo que fue un regalo del reconocido fot\u00f3grafo Horacio Coppola.<\/p>\n<p>El Parque es reconocido como obra en s\u00ed misma, una maravillosa obra de ingenier\u00eda forestal, y al mismo tiempo, como dispositivo para la creaci\u00f3n de pensamiento com\u00fan para la construcci\u00f3n.<\/p>\n","protected":false},"excerpt":{"rendered":"<p>Muestras, poes\u00eda, feria, tango y para el s\u00e1bado, la Cultural Beer Fest El Centro Cultural Necoche\/ Biblioteca Popular Andr\u00e9s Ferreyra (CCN\/BPAF) invit\u00f3 a disfrutar de las actividades organizadas para los pr\u00f3ximos d\u00edas que incluyen un abanico de propuestas para todos los p\u00fablicos. Jueves 8 de septiembre: Encuentros Musicales. A las 16:00 horas. Coordina profesora Ana [&hellip;]<\/p>\n","protected":false},"author":3,"featured_media":93348,"comment_status":"closed","ping_status":"closed","sticky":false,"template":"","format":"standard","meta":{"footnotes":""},"categories":[3],"tags":[],"class_list":["post-93347","post","type-post","status-publish","format-standard","has-post-thumbnail","category-masnoticias"],"_links":{"self":[{"href":"https:\/\/primicias2262.com\/noticias\/wp-json\/wp\/v2\/posts\/93347","targetHints":{"allow":["GET"]}}],"collection":[{"href":"https:\/\/primicias2262.com\/noticias\/wp-json\/wp\/v2\/posts"}],"about":[{"href":"https:\/\/primicias2262.com\/noticias\/wp-json\/wp\/v2\/types\/post"}],"author":[{"embeddable":true,"href":"https:\/\/primicias2262.com\/noticias\/wp-json\/wp\/v2\/users\/3"}],"replies":[{"embeddable":true,"href":"https:\/\/primicias2262.com\/noticias\/wp-json\/wp\/v2\/comments?post=93347"}],"version-history":[{"count":0,"href":"https:\/\/primicias2262.com\/noticias\/wp-json\/wp\/v2\/posts\/93347\/revisions"}],"wp:attachment":[{"href":"https:\/\/primicias2262.com\/noticias\/wp-json\/wp\/v2\/media?parent=93347"}],"wp:term":[{"taxonomy":"category","embeddable":true,"href":"https:\/\/primicias2262.com\/noticias\/wp-json\/wp\/v2\/categories?post=93347"},{"taxonomy":"post_tag","embeddable":true,"href":"https:\/\/primicias2262.com\/noticias\/wp-json\/wp\/v2\/tags?post=93347"}],"curies":[{"name":"wp","href":"https:\/\/api.w.org\/{rel}","templated":true}]}}