{"id":93377,"date":"2022-09-09T15:21:59","date_gmt":"2022-09-09T18:21:59","guid":{"rendered":"https:\/\/primicias2262.com\/?p=93377"},"modified":"2022-09-09T15:21:59","modified_gmt":"2022-09-09T18:21:59","slug":"buena-repercusion-tuvo-el-desembarco-de-la-utn-en-el-instituto-rio-quequen","status":"publish","type":"post","link":"https:\/\/primicias2262.com\/noticias\/buena-repercusion-tuvo-el-desembarco-de-la-utn-en-el-instituto-rio-quequen\/","title":{"rendered":"Buena repercusi\u00f3n tuvo el desembarco de la UTN en el Instituto R\u00edo Quequ\u00e9n"},"content":{"rendered":"<p>La posibilidad de que la Universidad Tecnol\u00f3gica Nacional comience a tener alumnos en la ciudad de Necochea, a trav\u00e9s de un espacio en el Instituto de Estudios Superiores R\u00edo Quequ\u00e9n, fue esbozada durante una charla informativa brindada en ese establecimiento educativo de la Avenida 58 y 51, que cont\u00f3 con la presencia de numerosos alumnos, docentes y directivos de escuelas secundarias.<\/p>\n<p>Durante la charla las\u00a0 autoridades de la Facultad Regional Mar del Plata de la UTN brindaron precisiones sobre la oferta educativa de esa instituci\u00f3n. Se encargaron de ello el decano Fernando Scholtus y el secretario acad\u00e9mico N\u00e9stor Machado. Estuvo presente tambi\u00e9n el subsecretario de Cultura y Extensi\u00f3n Universitaria, Patricio Arias.<\/p>\n<p><a href=\"https:\/\/primicias2262.com\/wp-content\/uploads\/2022\/09\/Charla-2.jpg\"><img loading=\"lazy\" decoding=\"async\" class=\"aligncenter size-full wp-image-93378\" src=\"https:\/\/primicias2262.com\/wp-content\/uploads\/2022\/09\/Charla-2.jpg\" alt=\"\" width=\"700\" height=\"331\" \/><\/a><\/p>\n<p>En representaci\u00f3n del\u00a0 instituto privado local estuvieron su representante legal, Carlos Bugando, la secretaria acad\u00e9mica Silvia Gurrieri, la coordinadora acad\u00e9mica Marcela Abete y el director Germ\u00e1n de la Canal.<\/p>\n<p>Pocas horas antes, las autoridades de la UTN de Mar del Plata se reunieron con el intendente Arturo Rojas, siendo anfitriones directivos dell Instituto R\u00edo Quequ\u00e9n, oportunidad en la que se intercambiaron sobre las articulaciones posibles para que m\u00e1s j\u00f3venes necochenses tengan posibilidad de acceder al conocimiento.<\/p>\n<p>Presenci\u00f3 la charla el abogado local Mart\u00edn Migueles, quien aspira ser candidato a intendente por Juntos por el Cambio, desde el PRO.\u00a0 Intercambi\u00f3 ideas con el decano Scholtus, as\u00ed como con el docente Julio Perrota, director de la Escuela de Educaci\u00f3n T\u00e9cnica N\u00b0 2.<\/p>\n<p>Numerosos adolescentes, pero tambi\u00e9n algunas personas adultas, que colmaron las instalaciones del sal\u00f3n, escucharon atentamente tanto a Scholtus, pero fundamentalmente a Machado, quien se extendi\u00f3 hablando no s\u00f3lo de la oferta educativa de la UTN, sino tambi\u00e9n de la importancia de la educaci\u00f3n para el futuro del pa\u00eds, as\u00ed como de la necesidad de que la ense\u00f1anza sea brindada de tal manera que llegue al alumno, d\u00e1ndole herramientas para seguir aprendiendo y alent\u00e1ndolo a no rendirse ante alguna adversidad en el proceso educativo.<\/p>\n<p><strong>FOTOS: El Ciudadano Necochea<\/strong><\/p>\n","protected":false},"excerpt":{"rendered":"<p>La posibilidad de que la Universidad Tecnol\u00f3gica Nacional comience a tener alumnos en la ciudad de Necochea, a trav\u00e9s de un espacio en el Instituto de Estudios Superiores R\u00edo Quequ\u00e9n, fue esbozada durante una charla informativa brindada en ese establecimiento educativo de la Avenida 58 y 51, que cont\u00f3 con la presencia de numerosos alumnos, [&hellip;]<\/p>\n","protected":false},"author":3,"featured_media":93379,"comment_status":"closed","ping_status":"closed","sticky":false,"template":"","format":"standard","meta":{"footnotes":""},"categories":[3],"tags":[],"class_list":["post-93377","post","type-post","status-publish","format-standard","has-post-thumbnail","category-masnoticias"],"_links":{"self":[{"href":"https:\/\/primicias2262.com\/noticias\/wp-json\/wp\/v2\/posts\/93377","targetHints":{"allow":["GET"]}}],"collection":[{"href":"https:\/\/primicias2262.com\/noticias\/wp-json\/wp\/v2\/posts"}],"about":[{"href":"https:\/\/primicias2262.com\/noticias\/wp-json\/wp\/v2\/types\/post"}],"author":[{"embeddable":true,"href":"https:\/\/primicias2262.com\/noticias\/wp-json\/wp\/v2\/users\/3"}],"replies":[{"embeddable":true,"href":"https:\/\/primicias2262.com\/noticias\/wp-json\/wp\/v2\/comments?post=93377"}],"version-history":[{"count":0,"href":"https:\/\/primicias2262.com\/noticias\/wp-json\/wp\/v2\/posts\/93377\/revisions"}],"wp:attachment":[{"href":"https:\/\/primicias2262.com\/noticias\/wp-json\/wp\/v2\/media?parent=93377"}],"wp:term":[{"taxonomy":"category","embeddable":true,"href":"https:\/\/primicias2262.com\/noticias\/wp-json\/wp\/v2\/categories?post=93377"},{"taxonomy":"post_tag","embeddable":true,"href":"https:\/\/primicias2262.com\/noticias\/wp-json\/wp\/v2\/tags?post=93377"}],"curies":[{"name":"wp","href":"https:\/\/api.w.org\/{rel}","templated":true}]}}