{"id":93384,"date":"2022-09-09T15:37:24","date_gmt":"2022-09-09T18:37:24","guid":{"rendered":"https:\/\/primicias2262.com\/?p=93384"},"modified":"2022-09-09T15:37:24","modified_gmt":"2022-09-09T18:37:24","slug":"la-dra-maria-ladio-preside-la-comision-de-la-abogacia-joven","status":"publish","type":"post","link":"https:\/\/primicias2262.com\/noticias\/la-dra-maria-ladio-preside-la-comision-de-la-abogacia-joven\/","title":{"rendered":"La Dra. Mar\u00eda Ladio preside la Comisi\u00f3n de la Abogac\u00eda Joven"},"content":{"rendered":"<p>D\u00edas atr\u00e1s se realiz\u00f3 la elecci\u00f3n de autoridades de la Comisi\u00f3n de la Abogac\u00eda Joven, la cual se desarroll\u00f3 por consenso y plena conformidad de sus miembros y quienes reunieron los requisitos para postularse a los cargos que la componen (matriculados hasta 7 a\u00f1os de antig\u00fcedad y hasta 35 a\u00f1os de edad, 30% como m\u00ednimo de asistencia en el<br \/>\nper\u00edodo anterior).<\/p>\n<p>Se decidi\u00f3 conformar una lista \u00fanica de postulantes para las nuevas autoridades de la comisi\u00f3n que qued\u00f3 conformada de la siguiente manera:<\/p>\n<p>Presidenta: Dra. Mar\u00eda E. Ladio<br \/>\nVicepresidenta: Dra. Luciana C. Jaime<br \/>\nSecretaria: Dra. Mariana Azpeitia<br \/>\nPrimer Vocal: Dra. Dulce Cabrera<br \/>\nSegundo Vocal: Dra. Agustina Di Francesco<br \/>\nTercer Vocal: Dra. Ayel\u00e9n Cambaceres<br \/>\nCuarto Vocal: Dra. Roc\u00edo Dones<br \/>\nDelegada Titular ante Abogac\u00eda Joven Colproba: Dra. Lucrecia Casas<br \/>\nDelegada Suplente ante Abogac\u00eda Joven Colproba: Dra. Javiera Pe\u00f1a Salvai.<\/p>\n","protected":false},"excerpt":{"rendered":"<p>D\u00edas atr\u00e1s se realiz\u00f3 la elecci\u00f3n de autoridades de la Comisi\u00f3n de la Abogac\u00eda Joven, la cual se desarroll\u00f3 por consenso y plena conformidad de sus miembros y quienes reunieron los requisitos para postularse a los cargos que la componen (matriculados hasta 7 a\u00f1os de antig\u00fcedad y hasta 35 a\u00f1os de edad, 30% como m\u00ednimo [&hellip;]<\/p>\n","protected":false},"author":3,"featured_media":93385,"comment_status":"closed","ping_status":"closed","sticky":false,"template":"","format":"standard","meta":{"footnotes":""},"categories":[3],"tags":[],"class_list":["post-93384","post","type-post","status-publish","format-standard","has-post-thumbnail","category-masnoticias"],"_links":{"self":[{"href":"https:\/\/primicias2262.com\/noticias\/wp-json\/wp\/v2\/posts\/93384","targetHints":{"allow":["GET"]}}],"collection":[{"href":"https:\/\/primicias2262.com\/noticias\/wp-json\/wp\/v2\/posts"}],"about":[{"href":"https:\/\/primicias2262.com\/noticias\/wp-json\/wp\/v2\/types\/post"}],"author":[{"embeddable":true,"href":"https:\/\/primicias2262.com\/noticias\/wp-json\/wp\/v2\/users\/3"}],"replies":[{"embeddable":true,"href":"https:\/\/primicias2262.com\/noticias\/wp-json\/wp\/v2\/comments?post=93384"}],"version-history":[{"count":0,"href":"https:\/\/primicias2262.com\/noticias\/wp-json\/wp\/v2\/posts\/93384\/revisions"}],"wp:attachment":[{"href":"https:\/\/primicias2262.com\/noticias\/wp-json\/wp\/v2\/media?parent=93384"}],"wp:term":[{"taxonomy":"category","embeddable":true,"href":"https:\/\/primicias2262.com\/noticias\/wp-json\/wp\/v2\/categories?post=93384"},{"taxonomy":"post_tag","embeddable":true,"href":"https:\/\/primicias2262.com\/noticias\/wp-json\/wp\/v2\/tags?post=93384"}],"curies":[{"name":"wp","href":"https:\/\/api.w.org\/{rel}","templated":true}]}}