{"id":93389,"date":"2022-09-10T13:48:10","date_gmt":"2022-09-10T16:48:10","guid":{"rendered":"https:\/\/primicias2262.com\/?p=93389"},"modified":"2022-09-10T13:48:10","modified_gmt":"2022-09-10T16:48:10","slug":"primer-taller-en-lengua-de-senas-argentinas-dictado-por-personas-sordas","status":"publish","type":"post","link":"https:\/\/primicias2262.com\/noticias\/primer-taller-en-lengua-de-senas-argentinas-dictado-por-personas-sordas\/","title":{"rendered":"Primer Taller en Lengua de Se\u00f1as Argentinas dictado por personas sordas"},"content":{"rendered":"<p>Mediante un convenio firmado entre el municipio y el Hogar de Tr\u00e1nsito \u201cEl Samaritano\u201d, comenz\u00f3 a dictarse el primer curso en Lengua de Se\u00f1as abierto a la comunidad.<\/p>\n<p>Coordinado por el \u00c1rea de Discapacidad, a cargo de Camila Bianchi, dependiente de la Secretar\u00eda de Desarrollo Humano y Pol\u00edticas Sociales y dictado exclusivamente por personas sordas del Centro del Entrenamiento Laboral (Promover Empleo), este taller se brinda los d\u00edas viernes de 10 a 11:30, y tiene como fin brindar los conocimientos b\u00e1sicos acerca de la lengua de se\u00f1as.<\/p>\n<p>Cabe mencionar que la inscripci\u00f3n fue abierta a la comunidad y el inter\u00e9s fue tan grande que el cupo se complet\u00f3 inmediatamente, quedando vecinos en lista de espera aguardando nuevos d\u00edas de capacitaci\u00f3n.<\/p>\n<p>Por este motivo, los interesados pueden acercarse y averiguar en las instalaciones de dicho establecimiento, ubicado en calle 65 N\u00ba 2980.<\/p>\n","protected":false},"excerpt":{"rendered":"<p>Mediante un convenio firmado entre el municipio y el Hogar de Tr\u00e1nsito \u201cEl Samaritano\u201d, comenz\u00f3 a dictarse el primer curso en Lengua de Se\u00f1as abierto a la comunidad. Coordinado por el \u00c1rea de Discapacidad, a cargo de Camila Bianchi, dependiente de la Secretar\u00eda de Desarrollo Humano y Pol\u00edticas Sociales y dictado exclusivamente por personas sordas [&hellip;]<\/p>\n","protected":false},"author":3,"featured_media":93390,"comment_status":"closed","ping_status":"closed","sticky":false,"template":"","format":"standard","meta":{"footnotes":""},"categories":[3],"tags":[],"class_list":["post-93389","post","type-post","status-publish","format-standard","has-post-thumbnail","category-masnoticias"],"_links":{"self":[{"href":"https:\/\/primicias2262.com\/noticias\/wp-json\/wp\/v2\/posts\/93389","targetHints":{"allow":["GET"]}}],"collection":[{"href":"https:\/\/primicias2262.com\/noticias\/wp-json\/wp\/v2\/posts"}],"about":[{"href":"https:\/\/primicias2262.com\/noticias\/wp-json\/wp\/v2\/types\/post"}],"author":[{"embeddable":true,"href":"https:\/\/primicias2262.com\/noticias\/wp-json\/wp\/v2\/users\/3"}],"replies":[{"embeddable":true,"href":"https:\/\/primicias2262.com\/noticias\/wp-json\/wp\/v2\/comments?post=93389"}],"version-history":[{"count":0,"href":"https:\/\/primicias2262.com\/noticias\/wp-json\/wp\/v2\/posts\/93389\/revisions"}],"wp:attachment":[{"href":"https:\/\/primicias2262.com\/noticias\/wp-json\/wp\/v2\/media?parent=93389"}],"wp:term":[{"taxonomy":"category","embeddable":true,"href":"https:\/\/primicias2262.com\/noticias\/wp-json\/wp\/v2\/categories?post=93389"},{"taxonomy":"post_tag","embeddable":true,"href":"https:\/\/primicias2262.com\/noticias\/wp-json\/wp\/v2\/tags?post=93389"}],"curies":[{"name":"wp","href":"https:\/\/api.w.org\/{rel}","templated":true}]}}