{"id":93392,"date":"2022-09-10T13:51:59","date_gmt":"2022-09-10T16:51:59","guid":{"rendered":"https:\/\/primicias2262.com\/?p=93392"},"modified":"2022-09-10T13:51:59","modified_gmt":"2022-09-10T16:51:59","slug":"habra-una-jornada-ganadera-sobre-el-manejo-intensivo-en-cria-vacuna","status":"publish","type":"post","link":"https:\/\/primicias2262.com\/noticias\/habra-una-jornada-ganadera-sobre-el-manejo-intensivo-en-cria-vacuna\/","title":{"rendered":"Habr\u00e1 una jornada ganadera sobre el manejo intensivo en cr\u00eda vacuna"},"content":{"rendered":"<div class=\"wp-block-media-text is-stacked-on-mobile is-vertically-aligned-top\">\n<div class=\"wp-block-media-text__content\">\n<p>La Secretar\u00eda de Turismo y Desarrollo Productivo de la comuna anunci\u00f3 la realizaci\u00f3n de una jornada ganadera que se organiza en conjunto con el Ministerio de Desarrollo Agrario de la Provincia de Buenos Aires y el INTA, que tendr\u00e1 lugar en el Sal\u00f3n de Actos del Palacio Municipal el pr\u00f3ximo mi\u00e9rcoles 14 de septiembre, a las 18.<\/p>\n<p>El evento girar\u00e1 en torno a la presentaci\u00f3n de la charla \u201cPlan Ganado 6\u00d76\u201d, capacitando sobre el manejo intensivo en cr\u00eda vacuna. Para ello, constar\u00e1 de un temario compuesto por dos unidades: el propio lanzamiento del plan que la cartera planifica para el fortalecimiento de la producci\u00f3n ganadera; y la introducci\u00f3n a \u201cla experiencia del campo demostrador San Jos\u00e9\u201d, que cuadruplic\u00f3 su producci\u00f3n de carne anual.<\/p>\n<\/div>\n<\/div>\n<p><a href=\"https:\/\/primicias2262.com\/wp-content\/uploads\/2022\/09\/10-09-PLACA-Jornada-Ganadera.jpeg\"><img loading=\"lazy\" decoding=\"async\" class=\"aligncenter size-full wp-image-93393\" src=\"https:\/\/primicias2262.com\/wp-content\/uploads\/2022\/09\/10-09-PLACA-Jornada-Ganadera.jpeg\" alt=\"\" width=\"1200\" height=\"1200\" \/><\/a>Para realizar consultas, los interesados pueden escribir a los correos electr\u00f3nicos\u00a0<a href=\"mailto:ganaderia@mda.gba.gob.ar\">ganaderia@mda.gba.gob.ar<\/a>\u00a0o\u00a0<a href=\"mailto:produccion@necochea.gov.ar\">produccion@necochea.gov.ar<\/a>. Adem\u00e1s, pueden obtener mayor informaci\u00f3n ingresando a gba.gob.ar\/desarrollo_agrario\/planganadobonaerense6x6.<\/p>\n","protected":false},"excerpt":{"rendered":"<p>La Secretar\u00eda de Turismo y Desarrollo Productivo de la comuna anunci\u00f3 la realizaci\u00f3n de una jornada ganadera que se organiza en conjunto con el Ministerio de Desarrollo Agrario de la Provincia de Buenos Aires y el INTA, que tendr\u00e1 lugar en el Sal\u00f3n de Actos del Palacio Municipal el pr\u00f3ximo mi\u00e9rcoles 14 de septiembre, a [&hellip;]<\/p>\n","protected":false},"author":3,"featured_media":93394,"comment_status":"closed","ping_status":"closed","sticky":false,"template":"","format":"standard","meta":{"footnotes":""},"categories":[3],"tags":[],"class_list":["post-93392","post","type-post","status-publish","format-standard","has-post-thumbnail","category-masnoticias"],"_links":{"self":[{"href":"https:\/\/primicias2262.com\/noticias\/wp-json\/wp\/v2\/posts\/93392","targetHints":{"allow":["GET"]}}],"collection":[{"href":"https:\/\/primicias2262.com\/noticias\/wp-json\/wp\/v2\/posts"}],"about":[{"href":"https:\/\/primicias2262.com\/noticias\/wp-json\/wp\/v2\/types\/post"}],"author":[{"embeddable":true,"href":"https:\/\/primicias2262.com\/noticias\/wp-json\/wp\/v2\/users\/3"}],"replies":[{"embeddable":true,"href":"https:\/\/primicias2262.com\/noticias\/wp-json\/wp\/v2\/comments?post=93392"}],"version-history":[{"count":0,"href":"https:\/\/primicias2262.com\/noticias\/wp-json\/wp\/v2\/posts\/93392\/revisions"}],"wp:attachment":[{"href":"https:\/\/primicias2262.com\/noticias\/wp-json\/wp\/v2\/media?parent=93392"}],"wp:term":[{"taxonomy":"category","embeddable":true,"href":"https:\/\/primicias2262.com\/noticias\/wp-json\/wp\/v2\/categories?post=93392"},{"taxonomy":"post_tag","embeddable":true,"href":"https:\/\/primicias2262.com\/noticias\/wp-json\/wp\/v2\/tags?post=93392"}],"curies":[{"name":"wp","href":"https:\/\/api.w.org\/{rel}","templated":true}]}}