{"id":93412,"date":"2022-09-10T18:22:59","date_gmt":"2022-09-10T21:22:59","guid":{"rendered":"https:\/\/primicias2262.com\/?p=93412"},"modified":"2022-09-10T18:22:59","modified_gmt":"2022-09-10T21:22:59","slug":"destacan-el-pronto-comienzo-de-numerosas-obras-millonarias-en-nuestro-distrito","status":"publish","type":"post","link":"https:\/\/primicias2262.com\/noticias\/destacan-el-pronto-comienzo-de-numerosas-obras-millonarias-en-nuestro-distrito\/","title":{"rendered":"Destacan el pronto comienzo de numerosas obras millonarias en nuestro distrito"},"content":{"rendered":"<p>El secretario de Obras P\u00fablicas del municipio, Adri\u00e1n Furno, se mostr\u00f3 muy entusiasmado por los avances de la empresa Vicoli SRL. en la pista de atletismo y el pronto inicio de las obras del polideportivo de 98 y 67; el pluvial de 51 de 78 a 86; el techo de la Unidad Sanitaria de La Dulce y la reforma de los bulevares de 59, desde 56 a Rotonda o calle 40, pero a su vez se le pregunt\u00f3 espec\u00edficamente por una bater\u00eda de licitaciones que se vienen y respondi\u00f3 en detalle.<\/p>\n<p>En di\u00e1logo con Jorge G\u00f3mez en el programa \u00abVoces de la ciudad\u00bb, el funcionario tambi\u00e9n habl\u00f3 sobre la reapertura del destacamento policial parque, con la construcci\u00f3n de dos dormitorios para el personal por algo m\u00e1s de 19 millones de pesos, cuya apertura de sobres se realizar\u00e1 el 20 de octubre, ern una licitaci\u00f3n que est\u00e1 enganchada con una del 18 de octubre, por 7.450.000 tambi\u00e9n en el destacamento.<\/p>\n<p>\u201cLa idea del destacamento ser\u00e1 la caballeriza del parque, ser\u00e1n 30 personas con los animales, se est\u00e1 recuperando el espacio que estaba y hay que hacer las caballerizas para los 15 caballos, entonces se licitan dos trabajos\u201d, se\u00f1al\u00f3 al respecto Furno, para aclarar que \u201cpor un lado es recuperar lo existente, ba\u00f1os, techos e instalaci\u00f3n el\u00e9ctrica y eso ata\u00f1e a la licitaci\u00f3n del 18 de octubre\u00bb, explic\u00f3.<\/p>\n<p>Agreg\u00f3 que la otra obra \u00abser\u00e1 un complejo de containers, cocina y ba\u00f1o para hombres y mujeres, que corresponde a la licitaci\u00f3n del 20 de octubre. El plazo de ejecuci\u00f3n es de 180 d\u00edas, pero creemos que va a ser m\u00e1s r\u00e1pido porque est\u00e1 avanzando m\u00e1s all\u00e1 de la licitaci\u00f3n. La idea es que est\u00e9 para el verano\u201d.<\/p>\n<p>Por otra parte, se refiri\u00f3 al proyecto de adquisici\u00f3n y colocaci\u00f3n de columnas de alumbrado p\u00fablico por 3.700.000 pesos, con apertura de sobres ser\u00e1 el venidero 27 de septiembre y se\u00f1al\u00f3 que \u201cen algunos casos tenemos problemas por parte de la Usina con el personal para el tema de la reposici\u00f3n, incluso ellos nos mandaron una nota donde nos manifestaron el inconveniente\u00bb<\/p>\n<p>\u00abEntonces nosotros desde el Ejecutivo estamos juntando los expedientes de reposici\u00f3n de columnas, armamos una licitaci\u00f3n y vamos a arrancar con una primera parte, en este caso de la Av. 75, de Pinolandia y pedidos puntuales de vecinos. Son 30 columnas\u201d, detall\u00f3.<\/p>\n<p>Tambi\u00e9n\u00a0 dio cuenta de una apertura de sobres por la obra m\u00e1s suculenta de todas, que incluye la pavimentaci\u00f3n de Av. 58 y la senda peatonal de Av. 10 de 117 a 155, con la iluminaci\u00f3n incluida, por 105.500.000 pesos m\u00e1s otros 15 millones de la mencionada iluminaci\u00f3n, lo que hace a un paquete superior a los 120 millones de pesos.<\/p>\n<p>\u201cEn la 58 comprende la pavimentaci\u00f3n de las dos calzadas de 81 a 91, es asfalto negro, cord\u00f3n cuneta y bocas de tormenta\u201d, indic\u00f3 Furno, para dejar entrever que \u201cla idea de Arturo Rojas es unificar la 91 de 58 a 42 para tener una entrada y salida importante del centro a la playa y adem\u00e1s porque se est\u00e1 desarrollando hacia all\u00ed la ciudad\u201d.<\/p>\n<p>La obra pertenece al Fondo de Infraestructura Municipal (FIM) 2022 y adem\u00e1s se extiende la bicisenda de la avenida 10, desde 117 hasta 155, que dar\u00e1 m\u00e1s accesibilidad y seguridad para los clubes del sector. \u201cEn este caso hay un fondo extra de 15 millones que completa los 120 millones de pesos del FIM, que tiene que ver con iluminaci\u00f3n trial para todo ese tramo de la 10, de 117 a 155\u201d, aclar\u00f3 al respecto.<\/p>\n<p>Finalmente, el funcionario revel\u00f3 que \u201cla idea a futuro es cerrar de 155 a 2 y que desde la Av. 2 se pueda venir caminando en un circuito nuevo y que se pueda disfrutar como paseo de fin de semana o ir a caminar, mientras que la idea macro es llegar hasta la 187 en el sector de campings\u201d.<\/p>\n","protected":false},"excerpt":{"rendered":"<p>El secretario de Obras P\u00fablicas del municipio, Adri\u00e1n Furno, se mostr\u00f3 muy entusiasmado por los avances de la empresa Vicoli SRL. en la pista de atletismo y el pronto inicio de las obras del polideportivo de 98 y 67; el pluvial de 51 de 78 a 86; el techo de la Unidad Sanitaria de La [&hellip;]<\/p>\n","protected":false},"author":3,"featured_media":93375,"comment_status":"closed","ping_status":"closed","sticky":false,"template":"","format":"standard","meta":{"footnotes":""},"categories":[3],"tags":[],"class_list":["post-93412","post","type-post","status-publish","format-standard","has-post-thumbnail","category-masnoticias"],"_links":{"self":[{"href":"https:\/\/primicias2262.com\/noticias\/wp-json\/wp\/v2\/posts\/93412","targetHints":{"allow":["GET"]}}],"collection":[{"href":"https:\/\/primicias2262.com\/noticias\/wp-json\/wp\/v2\/posts"}],"about":[{"href":"https:\/\/primicias2262.com\/noticias\/wp-json\/wp\/v2\/types\/post"}],"author":[{"embeddable":true,"href":"https:\/\/primicias2262.com\/noticias\/wp-json\/wp\/v2\/users\/3"}],"replies":[{"embeddable":true,"href":"https:\/\/primicias2262.com\/noticias\/wp-json\/wp\/v2\/comments?post=93412"}],"version-history":[{"count":0,"href":"https:\/\/primicias2262.com\/noticias\/wp-json\/wp\/v2\/posts\/93412\/revisions"}],"wp:attachment":[{"href":"https:\/\/primicias2262.com\/noticias\/wp-json\/wp\/v2\/media?parent=93412"}],"wp:term":[{"taxonomy":"category","embeddable":true,"href":"https:\/\/primicias2262.com\/noticias\/wp-json\/wp\/v2\/categories?post=93412"},{"taxonomy":"post_tag","embeddable":true,"href":"https:\/\/primicias2262.com\/noticias\/wp-json\/wp\/v2\/tags?post=93412"}],"curies":[{"name":"wp","href":"https:\/\/api.w.org\/{rel}","templated":true}]}}