{"id":93432,"date":"2022-09-11T17:23:24","date_gmt":"2022-09-11T20:23:24","guid":{"rendered":"https:\/\/primicias2262.com\/?p=93432"},"modified":"2022-09-11T17:23:24","modified_gmt":"2022-09-11T20:23:24","slug":"ciudad-frutal-cumple-10-anos-y-lo-festejara-con-numerosas-actividades","status":"publish","type":"post","link":"https:\/\/primicias2262.com\/noticias\/ciudad-frutal-cumple-10-anos-y-lo-festejara-con-numerosas-actividades\/","title":{"rendered":"Ciudad Frutal cumple 10 a\u00f1os y lo festejar\u00e1 con numerosas actividades"},"content":{"rendered":"<p>El colectivo Ciudad Frutal cumple 10 a\u00f1os de trabajo en la ciudad y en ese marco, organiz\u00f3 una serie de actividades que se llevar\u00e1n a cabo <strong>la semana pr\u00f3xima<\/strong> en el Centro Cultural Necochea Biblioteca Popular Andr\u00e9s Ferreyra (CCN\/BPAF), ubicado en calle 54 entre 61 y 63.<\/p>\n<p>La agenda comienza el <strong>mi\u00e9rcoles 14 a las 18:00 horas<\/strong>. La antrop\u00f3loga Valeria Elichiry brindar\u00e1 la <strong>charla abierta \u201cLas plantas nativas alimenticias y los humanos. Algunas historias del pasado y del presente de nuestra regi\u00f3n\u201d<\/strong>, tema de investigaci\u00f3n de la profesional. \u00bfQu\u00e9 es una planta nativa y c\u00f3mo se define? \u00bfcu\u00e1l es el alimento oculto de la ciudad y qu\u00e9 usos se le dan hoy?, \u00e9stas y otras preguntas estar\u00e1n en el debate. Se realizar\u00e1 en el sal\u00f3n Multiespacio con entrada libre y gratuita.<\/p>\n<p>El <strong>s\u00e1bado 17<\/strong> a partir de las <strong>12:00 horas y hasta las 17:00<\/strong>, en el auditorio, se llevar\u00e1 a cabo el Intercambio de Semillas y Plantas. Se invita a la comunidad a concurrir con plantas, gajos, semillas, bulbos, etc. a fin de intercambiar, liberar o regalar entre los presentes. Adem\u00e1s de compartir experiencias relacionadas a la huerta urbana, la agroecolog\u00eda y la jardiner\u00eda.<\/p>\n<p>Estar\u00e1 presente <strong>Bosque y Comunidad<\/strong> con un <strong>mapeo colectivo<\/strong> donde se podr\u00e1n asentar los \u00e1rboles frutales del barrio, casa y vereda.<br \/>\nComo es caracter\u00edstico de la Plataforma de Arte en Territorio Bosque y Comunidad, este mapeo se har\u00e1 a trav\u00e9s de la estampa de sellos. Adem\u00e1s, los \u00e1rboles frutales quedar\u00e1n registrados en un libro, donde su historia podr\u00e1 ser relatada.<\/p>\n<p>A las <strong>15:00 horas<\/strong> se dictar\u00e1 un <strong>taller de \u201cIntroducci\u00f3n al compostaje de residuos org\u00e1nicos\u201d<\/strong> a cargo de Huerta Vivero Ra\u00edces.<\/p>\n<p>El mismo <strong>s\u00e1bado<\/strong>, habr\u00e1 puestos de feria de emprendedores locales y el <strong>cierre <\/strong>estar\u00e1 a cargo de la<strong> Orquesta de M\u00fasica Popular de la Escuela Provincial de Arte \u201cOrillas del Quequ\u00e9n\u201d.<\/strong> El evento es libre y gratuito.<\/p>\n<p>Cabe recordar Necochea Ciudad Frutal es un colectivo agroecol\u00f3gico que promueve el desarrollo de huertas urbanas y la plantaci\u00f3n de ejemplares frutales en espacios p\u00fablicos. Trabaja en la ciudad desde 2012 promoviendo la agroecolog\u00eda y soberan\u00eda alimentaria a trav\u00e9s de plantaciones en veredas y la generaci\u00f3n de espacios comestibles comunitarios urbanos como la Hospihuerta del Hospital Dr. Emilio Ferreyra.<\/p>\n","protected":false},"excerpt":{"rendered":"<p>El colectivo Ciudad Frutal cumple 10 a\u00f1os de trabajo en la ciudad y en ese marco, organiz\u00f3 una serie de actividades que se llevar\u00e1n a cabo la semana pr\u00f3xima en el Centro Cultural Necochea Biblioteca Popular Andr\u00e9s Ferreyra (CCN\/BPAF), ubicado en calle 54 entre 61 y 63. La agenda comienza el mi\u00e9rcoles 14 a las [&hellip;]<\/p>\n","protected":false},"author":3,"featured_media":93433,"comment_status":"closed","ping_status":"closed","sticky":false,"template":"","format":"standard","meta":{"footnotes":""},"categories":[3],"tags":[],"class_list":["post-93432","post","type-post","status-publish","format-standard","has-post-thumbnail","category-masnoticias"],"_links":{"self":[{"href":"https:\/\/primicias2262.com\/noticias\/wp-json\/wp\/v2\/posts\/93432","targetHints":{"allow":["GET"]}}],"collection":[{"href":"https:\/\/primicias2262.com\/noticias\/wp-json\/wp\/v2\/posts"}],"about":[{"href":"https:\/\/primicias2262.com\/noticias\/wp-json\/wp\/v2\/types\/post"}],"author":[{"embeddable":true,"href":"https:\/\/primicias2262.com\/noticias\/wp-json\/wp\/v2\/users\/3"}],"replies":[{"embeddable":true,"href":"https:\/\/primicias2262.com\/noticias\/wp-json\/wp\/v2\/comments?post=93432"}],"version-history":[{"count":0,"href":"https:\/\/primicias2262.com\/noticias\/wp-json\/wp\/v2\/posts\/93432\/revisions"}],"wp:attachment":[{"href":"https:\/\/primicias2262.com\/noticias\/wp-json\/wp\/v2\/media?parent=93432"}],"wp:term":[{"taxonomy":"category","embeddable":true,"href":"https:\/\/primicias2262.com\/noticias\/wp-json\/wp\/v2\/categories?post=93432"},{"taxonomy":"post_tag","embeddable":true,"href":"https:\/\/primicias2262.com\/noticias\/wp-json\/wp\/v2\/tags?post=93432"}],"curies":[{"name":"wp","href":"https:\/\/api.w.org\/{rel}","templated":true}]}}