{"id":93438,"date":"2022-09-11T17:51:55","date_gmt":"2022-09-11T20:51:55","guid":{"rendered":"https:\/\/primicias2262.com\/?p=93438"},"modified":"2022-09-11T17:51:55","modified_gmt":"2022-09-11T20:51:55","slug":"hugo-moller-conducira-durante-un-mes-el-programa-radial-voces-de-la-ciudad","status":"publish","type":"post","link":"https:\/\/primicias2262.com\/noticias\/hugo-moller-conducira-durante-un-mes-el-programa-radial-voces-de-la-ciudad\/","title":{"rendered":"Hugo M\u00f6ller conducir\u00e1 durante un mes el programa radial \u00abVoces de la ciudad\u00bb"},"content":{"rendered":"<p>Desde este lunes el reconocido periodista Hugo M\u00f6ller estar\u00e1 remplazando durante casi un mes a Jorge G\u00f3mez en la conducci\u00f3n del programa \u00abVoces de la ciudad\u00bb, que se emite de lunes a viernes de 7 a 11 de la ma\u00f1ana por Vinilo FM 103.5 Mhz.<\/p>\n<p>M\u00f6ller estar\u00e1 al frente del equipo que tambi\u00e9n integran Daniel Gonz\u00e1lez, Hugo Arroyo, Marita Maranchelli, Daniel Chirichigno, Eloy Casares, y Jer\u00f3nimo Franceschini, a quienes se le a\u00f1aden los aportes del joven cronista Edgar Esp\u00ednola y Carlos Gonz\u00e1lez Oron\u00f3.<\/p>\n<p>El conductor del programa televisivo \u00abEl Ciudadano\u00bb y director del portal de noticias \u00abEl Ciudadano Necochea\u00bb llevar\u00e1 adelante con su respetado profesionalismo y rigurosidad la conducci\u00f3n de buena parte del citado programa Voces de la Ciudad, desde el cual se ofrece un amplio servicio de noticias, esencialmente locales, que es la base central de la propuesta radial.<\/p>\n<p>Se hace menci\u00f3n, asimismo, que Voces de la Ciudad se emite por la se\u00f1al radial de Vinilo FM 103.5 Mhz, y se sintoniza adem\u00e1s por www.vocesdelaciudad.net.ar, www.vinilofm.com.ar y por www.vocesdenecochea.com.ar, como as\u00ed se puede acceder a trav\u00e9s de los muros de facebook Lite de Jorge G\u00f3mez, de Voces de la Ciudad y de Primicias 2262.<\/p>\n","protected":false},"excerpt":{"rendered":"<p>Desde este lunes el reconocido periodista Hugo M\u00f6ller estar\u00e1 remplazando durante casi un mes a Jorge G\u00f3mez en la conducci\u00f3n del programa \u00abVoces de la ciudad\u00bb, que se emite de lunes a viernes de 7 a 11 de la ma\u00f1ana por Vinilo FM 103.5 Mhz. M\u00f6ller estar\u00e1 al frente del equipo que tambi\u00e9n integran Daniel [&hellip;]<\/p>\n","protected":false},"author":3,"featured_media":93439,"comment_status":"closed","ping_status":"closed","sticky":false,"template":"","format":"standard","meta":{"footnotes":""},"categories":[3],"tags":[],"class_list":["post-93438","post","type-post","status-publish","format-standard","has-post-thumbnail","category-masnoticias"],"_links":{"self":[{"href":"https:\/\/primicias2262.com\/noticias\/wp-json\/wp\/v2\/posts\/93438","targetHints":{"allow":["GET"]}}],"collection":[{"href":"https:\/\/primicias2262.com\/noticias\/wp-json\/wp\/v2\/posts"}],"about":[{"href":"https:\/\/primicias2262.com\/noticias\/wp-json\/wp\/v2\/types\/post"}],"author":[{"embeddable":true,"href":"https:\/\/primicias2262.com\/noticias\/wp-json\/wp\/v2\/users\/3"}],"replies":[{"embeddable":true,"href":"https:\/\/primicias2262.com\/noticias\/wp-json\/wp\/v2\/comments?post=93438"}],"version-history":[{"count":0,"href":"https:\/\/primicias2262.com\/noticias\/wp-json\/wp\/v2\/posts\/93438\/revisions"}],"wp:attachment":[{"href":"https:\/\/primicias2262.com\/noticias\/wp-json\/wp\/v2\/media?parent=93438"}],"wp:term":[{"taxonomy":"category","embeddable":true,"href":"https:\/\/primicias2262.com\/noticias\/wp-json\/wp\/v2\/categories?post=93438"},{"taxonomy":"post_tag","embeddable":true,"href":"https:\/\/primicias2262.com\/noticias\/wp-json\/wp\/v2\/tags?post=93438"}],"curies":[{"name":"wp","href":"https:\/\/api.w.org\/{rel}","templated":true}]}}