{"id":93441,"date":"2022-09-11T18:53:56","date_gmt":"2022-09-11T21:53:56","guid":{"rendered":"https:\/\/primicias2262.com\/?p=93441"},"modified":"2022-09-11T18:53:56","modified_gmt":"2022-09-11T21:53:56","slug":"es-intensa-la-actividad-del-consejo-escolar-durante-la-ultima-etapa-del-ano-lectivo","status":"publish","type":"post","link":"https:\/\/primicias2262.com\/noticias\/es-intensa-la-actividad-del-consejo-escolar-durante-la-ultima-etapa-del-ano-lectivo\/","title":{"rendered":"Es intensa la actividad del Consejo Escolar durante la \u00faltima etapa del a\u00f1o lectivo"},"content":{"rendered":"<p>Durante una entrevista concedida al programa \u00abVoces de la ciudad\u00bb, la presidenta del Consejo Escolar, Silvina Jensen Menna traz\u00f3 un informe sobre la pr\u00f3xima licitaci\u00f3n para la continuidad del Servicio Alimentario Escolar en el \u00faltimo trimestre del a\u00f1o, habl\u00f3 sobre las obras que se realizan en la Escuela N\u00b0 47 de la Villa del Deportista y confirm\u00f3 la puesta en funcionamiento del comedor en la Escuela Secundaria N\u00b0 12 de Claraz.<\/p>\n<p>Jensen Menna anunci\u00f3 que \u00aba comisi\u00f3n del Servicio Alimentario Escolar (SAE) est\u00e1 trabajando para lo que es la \u00faltima parte del a\u00f1o tanto lo que es el desayuno y merienda reforzada como lo que es el servicio de comedor\u00bb y a\u00f1adi\u00f3 que \u00abtenemos que sacar la licitaci\u00f3n para el trimestre ocutubre, noviembre y diciembre porque se manejan montos grandes y no se puede hacer por el sistema de compra directa, as\u00ed que la estaremos publicando en los pr\u00f3ximos d\u00edas\u00bb<\/p>\n<p>Con respecto Escuela N\u00b0 47 de la Villa del Deportista dijo \u00abestamos ralizando obras y hemos pedido otras como el per\u00edmetro porque ese terreno estaba todo abierto y por ah\u00ed pasaban los vecinos por lo que es el patio\u00bb.<\/p>\n<p>Explic\u00f3 que a \u00abera muy riegoso y convengamos que la escuela debe tener un per\u00edmetro establecido, m\u00e1s que uno sepa hasta donde llega\u00bb y agreg\u00f3 que \u00abtambi\u00e9n hemos pedido la construcci\u00f3n del Jard\u00edn de Infantes N\u00b0 921 y los tr\u00e1mites est\u00e1n avanzados para que se haga en el mismo espacio f\u00edsico, ya que dentro de la Escuela N\u00b0 47 funcionan, a la ma\u00f1ana, una extensi\u00f3n de la Escuela Secundaria N\u00b0 12 que se cre\u00f3 este a\u00f1o y a la tarde la primaria, el jardin y el Plan Fines\u00bb.<\/p>\n<p>Remarc\u00f3 que \u00abes impresionante la cantidad de alumnos que all\u00ed concurren desde distintos barrios aleda\u00f1os, porque esa es una zona que si uno mira desde el 2012 hasta ac\u00e1 ha crecido much\u00edsimo, por eso hay que pensar en dotar al edificio de mayor infraestructura, porque en ese sector a\u00fan no hay gas natural y la provisi\u00f3n de agua es a trav\u00e9s de un pozo\u00bb.<\/p>\n<p>Por otra parte, la presidenta del Consejo Escolar confirm\u00f3 que ya se encuentra en funcionamiento el comedor de la Escuela Secundaria N\u00b0 12 de Claraz se encuentra operativo y destac\u00f3 que \u00abera algo necesario porque los chicos que all\u00ed asisten vienen transportados desde las zonas rurales y salen muy temprano desde sus casas para cursar\u00bb.<\/p>\n<p>\u00abSe hicieron las gestiones (ante la Provincia), el pedido de los cupos y la autorizaci\u00f3n para poner en marcha el servicio de comedor y tambi\u00e9n solicitamos el cargo de un ayudante de cocina. Por suerte el comedor se encuentra en funcionamiento gracias al aporte de todos los consejeros escolares y la buena predisposici\u00f3n del equipo directivo\u00bb del establecimiento, puntualiz\u00f3.<\/p>\n","protected":false},"excerpt":{"rendered":"<p>Durante una entrevista concedida al programa \u00abVoces de la ciudad\u00bb, la presidenta del Consejo Escolar, Silvina Jensen Menna traz\u00f3 un informe sobre la pr\u00f3xima licitaci\u00f3n para la continuidad del Servicio Alimentario Escolar en el \u00faltimo trimestre del a\u00f1o, habl\u00f3 sobre las obras que se realizan en la Escuela N\u00b0 47 de la Villa del Deportista [&hellip;]<\/p>\n","protected":false},"author":3,"featured_media":93442,"comment_status":"closed","ping_status":"closed","sticky":false,"template":"","format":"standard","meta":{"footnotes":""},"categories":[3],"tags":[],"class_list":["post-93441","post","type-post","status-publish","format-standard","has-post-thumbnail","category-masnoticias"],"_links":{"self":[{"href":"https:\/\/primicias2262.com\/noticias\/wp-json\/wp\/v2\/posts\/93441","targetHints":{"allow":["GET"]}}],"collection":[{"href":"https:\/\/primicias2262.com\/noticias\/wp-json\/wp\/v2\/posts"}],"about":[{"href":"https:\/\/primicias2262.com\/noticias\/wp-json\/wp\/v2\/types\/post"}],"author":[{"embeddable":true,"href":"https:\/\/primicias2262.com\/noticias\/wp-json\/wp\/v2\/users\/3"}],"replies":[{"embeddable":true,"href":"https:\/\/primicias2262.com\/noticias\/wp-json\/wp\/v2\/comments?post=93441"}],"version-history":[{"count":0,"href":"https:\/\/primicias2262.com\/noticias\/wp-json\/wp\/v2\/posts\/93441\/revisions"}],"wp:attachment":[{"href":"https:\/\/primicias2262.com\/noticias\/wp-json\/wp\/v2\/media?parent=93441"}],"wp:term":[{"taxonomy":"category","embeddable":true,"href":"https:\/\/primicias2262.com\/noticias\/wp-json\/wp\/v2\/categories?post=93441"},{"taxonomy":"post_tag","embeddable":true,"href":"https:\/\/primicias2262.com\/noticias\/wp-json\/wp\/v2\/tags?post=93441"}],"curies":[{"name":"wp","href":"https:\/\/api.w.org\/{rel}","templated":true}]}}