{"id":93464,"date":"2022-09-12T15:08:50","date_gmt":"2022-09-12T18:08:50","guid":{"rendered":"https:\/\/primicias2262.com\/?p=93464"},"modified":"2022-09-12T15:08:50","modified_gmt":"2022-09-12T18:08:50","slug":"hubo-fiesta-en-santamarina-por-los-50-anos-del-jardin-de-infantes-n-907","status":"publish","type":"post","link":"https:\/\/primicias2262.com\/noticias\/hubo-fiesta-en-santamarina-por-los-50-anos-del-jardin-de-infantes-n-907\/","title":{"rendered":"Hubo fiesta en Santamarina por los 50 a\u00f1os del Jard\u00edn de Infantes N\u00b0 907"},"content":{"rendered":"<p><strong>Con el acto protocolar, que sirvi\u00f3 como puntapi\u00e9 para lo que fue una larga jornada de actividades y celebraciones, la localidad comenz\u00f3 los festejos el s\u00e1bado de este cumplea\u00f1os muy caro al sentimiento de la localidad. <\/strong><\/p>\n<p><strong>La secretaria de Gobierno, Gabriela G\u00f3ngora, resalt\u00f3 en su discurso \u201cel amor, la vocaci\u00f3n y el sentido de pertenencia que tienen con este pueblo\u201d las instituciones que lo componen y lo impulsan a diario.<\/strong><\/p>\n<p>Con la presencia de funcionarios del Ejecutivo municipal, se realiz\u00f3 el s\u00e1bado el acto protocolar por los 50 a\u00f1os del Jard\u00edn de Infantes N\u00ba 907 \u201cIslas Malvinas\u201d de Ram\u00f3n Santamarina, con el tradicional marco de las banderas de ceremonia y la entonaci\u00f3n de las estrofas del Himno Nacional Argentino a flor de piel.<\/p>\n<p>G\u00f3ngora, quien tom\u00f3 la palabra ante la comunidad educativa del establecimiento, momento en el que se\u00f1al\u00f3 que \u201chace seis meses que nos juntamos con la Directora de jard\u00edn (Marianela Nasif) y los docentes, y notamos enseguida que ya ten\u00edan pr\u00e1cticamente esta celebraci\u00f3n organizada, lo que habla de la planificaci\u00f3n que evidentemente tienen para cualquier actividad que tenga que ver con el desarrollo de quienes son nuestro futuro\u201d.<\/p>\n<p>Al referirse a la comunidad de Santamarina, la funcionaria puso de relieve \u201cel amor, la vocaci\u00f3n y el sentido de pertenencia que tienen con este pueblo que vistamos hace a\u00f1os, y en este sentido es que destaco el trabajo de todas las instituciones de la localidad\u201d.<\/p>\n<p>\u201cDesde el municipio estamos convencidos de que no hay labor m\u00e1s importante que la de fomentar el esp\u00edritu de nuestros ni\u00f1os, sobre todo porque estamos formando el futuro, y es incentivando y cultivando la mente de los m\u00e1s peque\u00f1os que vamos a lograr la comunidad armoniosa y el destino que queremos, siempre trabajando en conjunto\u201d cerr\u00f3.<\/p>\n<p>Una vez terminado el acto, donde tambi\u00e9n se descubrieron algunas placas dentro del jard\u00edn, se pas\u00f3 al corte de torta y se invit\u00f3 a los presentes a acceder nuevamente para observar un video institucional donde se reflejar\u00e1 el trabajo realizado dentro de la instituci\u00f3n en estos 50 a\u00f1os de vida.<\/p>\n<p>Luego, para terminar, se abrieron diversos stands de comida y se ofrecieron diferentes actividades recreativas organizadas, algunas de ellas, por la Direcci\u00f3n de Cultura.<\/p>\n<p>Junto a G\u00f3ngora, vale decir, estuvieron la directora de Educaci\u00f3n, Mariela Cellerino, el delegado Hugo Haag y el director de Cultura, Juan Gamba, la presidenta del Consejo Escolar, Silvina Jensen, inspectoras de Nivel Inicial y cuerpo de inspectoras.<\/p>\n","protected":false},"excerpt":{"rendered":"<p>Con el acto protocolar, que sirvi\u00f3 como puntapi\u00e9 para lo que fue una larga jornada de actividades y celebraciones, la localidad comenz\u00f3 los festejos el s\u00e1bado de este cumplea\u00f1os muy caro al sentimiento de la localidad. La secretaria de Gobierno, Gabriela G\u00f3ngora, resalt\u00f3 en su discurso \u201cel amor, la vocaci\u00f3n y el sentido de pertenencia [&hellip;]<\/p>\n","protected":false},"author":3,"featured_media":93465,"comment_status":"closed","ping_status":"closed","sticky":false,"template":"","format":"standard","meta":{"footnotes":""},"categories":[3],"tags":[],"class_list":["post-93464","post","type-post","status-publish","format-standard","has-post-thumbnail","category-masnoticias"],"_links":{"self":[{"href":"https:\/\/primicias2262.com\/noticias\/wp-json\/wp\/v2\/posts\/93464","targetHints":{"allow":["GET"]}}],"collection":[{"href":"https:\/\/primicias2262.com\/noticias\/wp-json\/wp\/v2\/posts"}],"about":[{"href":"https:\/\/primicias2262.com\/noticias\/wp-json\/wp\/v2\/types\/post"}],"author":[{"embeddable":true,"href":"https:\/\/primicias2262.com\/noticias\/wp-json\/wp\/v2\/users\/3"}],"replies":[{"embeddable":true,"href":"https:\/\/primicias2262.com\/noticias\/wp-json\/wp\/v2\/comments?post=93464"}],"version-history":[{"count":0,"href":"https:\/\/primicias2262.com\/noticias\/wp-json\/wp\/v2\/posts\/93464\/revisions"}],"wp:attachment":[{"href":"https:\/\/primicias2262.com\/noticias\/wp-json\/wp\/v2\/media?parent=93464"}],"wp:term":[{"taxonomy":"category","embeddable":true,"href":"https:\/\/primicias2262.com\/noticias\/wp-json\/wp\/v2\/categories?post=93464"},{"taxonomy":"post_tag","embeddable":true,"href":"https:\/\/primicias2262.com\/noticias\/wp-json\/wp\/v2\/tags?post=93464"}],"curies":[{"name":"wp","href":"https:\/\/api.w.org\/{rel}","templated":true}]}}