{"id":93467,"date":"2022-09-12T15:12:38","date_gmt":"2022-09-12T18:12:38","guid":{"rendered":"https:\/\/primicias2262.com\/?p=93467"},"modified":"2022-09-12T15:12:38","modified_gmt":"2022-09-12T18:12:38","slug":"ecos-diarios-ya-funciona-en-sus-nuevas-oficinas-de-56-y-61-frente-a-la-plaza-dardo-rocha","status":"publish","type":"post","link":"https:\/\/primicias2262.com\/noticias\/ecos-diarios-ya-funciona-en-sus-nuevas-oficinas-de-56-y-61-frente-a-la-plaza-dardo-rocha\/","title":{"rendered":"Ecos Diarios ya funciona en sus nuevas oficinas de 56 y 61, frente a la plaza Dardo Rocha"},"content":{"rendered":"<p>Sebasti\u00e1n Ignacio, responsable de la empresa, brind\u00f3 su testimonio acerca de esta nueva etapa que encara el matutito que acompa\u00f1a a los necochenses desde hace m\u00e1s de 100 a\u00f1os. \u201cEs una nueva etapa edilicia, pero la esencia sigue siendo la misma\u201d, asegur\u00f3.<\/p>\n<p>En la ma\u00f1ana de \u201cVoces de la Ciudad\u201d, y en di\u00e1logo telef\u00f3nico con los periodistas Hugo Moller y Hugo Arroyo, Ignacio confirm\u00f3 que \u201cya estamos en las nuevas oficinas en la esquina de la plaza, en 56 al 3011, contentos pero a las corridas todav\u00eda porque anoche salimos de la 62 (sede anterior en esquina de 51) durante la madrugada y aun trasladando un mont\u00f3n de cosas, pero hoy ya terminamos de instalar todo\u201d.<\/p>\n<p>Si bien la rotativa y todo lo que son los talleres gr\u00e1ficos permanecen en la 62, el empresario se\u00f1al\u00f3 que \u201ca la 56 trajimos la administraci\u00f3n, la redacci\u00f3n, el armado y el archivo, que tenemos desde el primer ejemplar que sali\u00f3 el 9 de junio de 1921 hasta el d\u00eda de hoy, ya est\u00e1 instalado en la nueva sede\u201d, y acot\u00f3 que \u201cfalta traer la radio (FM De la Costa), que pronto la traeremos y seguimos adelante con las mismas ganas que empezaron en 1921 cuando fundaron el diario\u201d.<\/p>\n<p>Acto seguido, Ignacio asever\u00f3 que \u201ces una nueva etapa edilicia, pero la esencia sigue siendo la misma. Estuvo 45 a\u00f1os el Ecos en la 62, pero antiguamente hab\u00eda estado en la 61 frente al Banco Naci\u00f3n y antiguamente en 53 y 58. Ya han pasado m\u00e1s de 100 a\u00f1os de historia y este cambio es un nuevo desaf\u00edo, adapt\u00e1ndonos a las nuevas tecnolog\u00edas\u201d.<\/p>\n<p>Precisamente, si de nuevas tecnolog\u00edas se trata, Ignacio opin\u00f3 que \u201cla prensa gr\u00e1fica va a seguir existiendo con la misma fuerza de siempre, lo que ha cambiado es la plataforma donde se escribe, son dos cosas distintas. Lo que hay que estar atento es poder cubrir con cada una de las plataformas, por supuesto no es lo mismo escribir un twitter que una nota para el diario, o a su vez para Facebook e Instagram, son todas audiencias distintas y tiene que ver con la edad. Por supuesto que los tiempos cambian y las necesidades como toda empresa est\u00e1n, no es f\u00e1cil pero hay que ir adapt\u00e1ndose y seguir para adelante\u201d.<\/p>\n<p>Finalmente, expres\u00f3 que \u201cquiero agradecer a todos nuestros lectores, colaboradores y auspiciantes que han estado apoyando a Ecos Diarios, y por supuesto al personal que trabaja con nosotros, que sin ellos y sin tirar todos juntos del carro no ir\u00edamos a ning\u00fan lado\u201d.<\/p>\n","protected":false},"excerpt":{"rendered":"<p>Sebasti\u00e1n Ignacio, responsable de la empresa, brind\u00f3 su testimonio acerca de esta nueva etapa que encara el matutito que acompa\u00f1a a los necochenses desde hace m\u00e1s de 100 a\u00f1os. \u201cEs una nueva etapa edilicia, pero la esencia sigue siendo la misma\u201d, asegur\u00f3. En la ma\u00f1ana de \u201cVoces de la Ciudad\u201d, y en di\u00e1logo telef\u00f3nico con [&hellip;]<\/p>\n","protected":false},"author":3,"featured_media":92587,"comment_status":"closed","ping_status":"closed","sticky":false,"template":"","format":"standard","meta":{"footnotes":""},"categories":[3],"tags":[],"class_list":["post-93467","post","type-post","status-publish","format-standard","has-post-thumbnail","category-masnoticias"],"_links":{"self":[{"href":"https:\/\/primicias2262.com\/noticias\/wp-json\/wp\/v2\/posts\/93467","targetHints":{"allow":["GET"]}}],"collection":[{"href":"https:\/\/primicias2262.com\/noticias\/wp-json\/wp\/v2\/posts"}],"about":[{"href":"https:\/\/primicias2262.com\/noticias\/wp-json\/wp\/v2\/types\/post"}],"author":[{"embeddable":true,"href":"https:\/\/primicias2262.com\/noticias\/wp-json\/wp\/v2\/users\/3"}],"replies":[{"embeddable":true,"href":"https:\/\/primicias2262.com\/noticias\/wp-json\/wp\/v2\/comments?post=93467"}],"version-history":[{"count":0,"href":"https:\/\/primicias2262.com\/noticias\/wp-json\/wp\/v2\/posts\/93467\/revisions"}],"wp:attachment":[{"href":"https:\/\/primicias2262.com\/noticias\/wp-json\/wp\/v2\/media?parent=93467"}],"wp:term":[{"taxonomy":"category","embeddable":true,"href":"https:\/\/primicias2262.com\/noticias\/wp-json\/wp\/v2\/categories?post=93467"},{"taxonomy":"post_tag","embeddable":true,"href":"https:\/\/primicias2262.com\/noticias\/wp-json\/wp\/v2\/tags?post=93467"}],"curies":[{"name":"wp","href":"https:\/\/api.w.org\/{rel}","templated":true}]}}