{"id":93477,"date":"2022-09-13T14:02:51","date_gmt":"2022-09-13T17:02:51","guid":{"rendered":"https:\/\/primicias2262.com\/?p=93477"},"modified":"2022-09-13T14:02:51","modified_gmt":"2022-09-13T17:02:51","slug":"el-centro-de-acopiadores-de-cereales-celebro-su-84o-aniversario","status":"publish","type":"post","link":"https:\/\/primicias2262.com\/noticias\/el-centro-de-acopiadores-de-cereales-celebro-su-84o-aniversario\/","title":{"rendered":"El Centro de Acopiadores de Cereales celebr\u00f3 su 84\u00ba aniversario"},"content":{"rendered":"<p>El pasado domingo 11 de septiembre, el Centro de Acopiadores de Cereales de Puerto Quequ\u00e9n cumpli\u00f3 84 a\u00f1os y su actual presidente, Mauricio D\u00edaz, traz\u00f3 un panorama del presente de la instituci\u00f3n en el aire de \u201cVoces de la Ciudad\u201d.<\/p>\n<p>En di\u00e1logo telef\u00f3nico con el periodista Hugo Moller, el empresario de Promotora Agropecuaria (PRO AGRO), reflexion\u00f3 que \u201c84 a\u00f1os son un mont\u00f3n, es la historia de mucha gente que durante muchos a\u00f1os traccion\u00f3 en esta instituci\u00f3n en af\u00e1n de ayudar y de que las empresas acopiadoras de la zona, que hoy son m\u00e1s de 50, puedan desempe\u00f1ar cada d\u00eda una mejor actividad\u201d.<\/p>\n<p>Acerca del presente de la instituci\u00f3n, D\u00edaz manifest\u00f3 que \u201csiempre estamos ligados a la cadena agroexportadora y a todo el hinterland del Puerto Quequ\u00e9n. Hoy el Centro de Acopiadores est\u00e1 mu bien y recordando a la gente que nos antecedi\u00f3 y nos condujo, ya hay segunda y tercera generaci\u00f3n en la comisi\u00f3n de los acopios de la zona, est\u00e1n quedando pocos de los antiguos iniciadores del centro, pero estamos con mucha voluntad de que siga adelante\u201d.<\/p>\n<p>Sobre la sede en Av. 59 N\u00ba 836, se\u00f1al\u00f3 que \u201cgracias a su infraestructura el Centro apoya un mont\u00f3n de situaciones de la ciudad con charlas y congresos, y estamos contentos por participar en la sociedad y poder darle algo, como lo fue durante parte de la pandemia con el funcionamiento del vacunatorio\u201d.<\/p>\n<p>Finalmente, D\u00edaz explic\u00f3 el rol del Centro de Acopiadores en la cadena agroexportadora, al aseverar que \u201cel centro trata de nuclear el hinterland de Puerto Quequ\u00e9n desde el momento en que una semilla es puesta en la tierra hasta que est\u00e1 casi arriba de un barco en Puerto Quequ\u00e9n. Los acopios suministran un mont\u00f3n de insumos al productor, comercializan la mercader\u00eda y ayudan en toda la log\u00edstica para que ese producido en el campo llegue al puerto y pueda ser exportado a otros pa\u00edses. Fundamentalmente hay un v\u00ednculo muy grande con el productor agropecuario y el acopio y despu\u00e9s\u201d.<\/p>\n","protected":false},"excerpt":{"rendered":"<p>El pasado domingo 11 de septiembre, el Centro de Acopiadores de Cereales de Puerto Quequ\u00e9n cumpli\u00f3 84 a\u00f1os y su actual presidente, Mauricio D\u00edaz, traz\u00f3 un panorama del presente de la instituci\u00f3n en el aire de \u201cVoces de la Ciudad\u201d. En di\u00e1logo telef\u00f3nico con el periodista Hugo Moller, el empresario de Promotora Agropecuaria (PRO AGRO), [&hellip;]<\/p>\n","protected":false},"author":3,"featured_media":93478,"comment_status":"closed","ping_status":"closed","sticky":false,"template":"","format":"standard","meta":{"footnotes":""},"categories":[3],"tags":[],"class_list":["post-93477","post","type-post","status-publish","format-standard","has-post-thumbnail","category-masnoticias"],"_links":{"self":[{"href":"https:\/\/primicias2262.com\/noticias\/wp-json\/wp\/v2\/posts\/93477","targetHints":{"allow":["GET"]}}],"collection":[{"href":"https:\/\/primicias2262.com\/noticias\/wp-json\/wp\/v2\/posts"}],"about":[{"href":"https:\/\/primicias2262.com\/noticias\/wp-json\/wp\/v2\/types\/post"}],"author":[{"embeddable":true,"href":"https:\/\/primicias2262.com\/noticias\/wp-json\/wp\/v2\/users\/3"}],"replies":[{"embeddable":true,"href":"https:\/\/primicias2262.com\/noticias\/wp-json\/wp\/v2\/comments?post=93477"}],"version-history":[{"count":0,"href":"https:\/\/primicias2262.com\/noticias\/wp-json\/wp\/v2\/posts\/93477\/revisions"}],"wp:attachment":[{"href":"https:\/\/primicias2262.com\/noticias\/wp-json\/wp\/v2\/media?parent=93477"}],"wp:term":[{"taxonomy":"category","embeddable":true,"href":"https:\/\/primicias2262.com\/noticias\/wp-json\/wp\/v2\/categories?post=93477"},{"taxonomy":"post_tag","embeddable":true,"href":"https:\/\/primicias2262.com\/noticias\/wp-json\/wp\/v2\/tags?post=93477"}],"curies":[{"name":"wp","href":"https:\/\/api.w.org\/{rel}","templated":true}]}}