{"id":93492,"date":"2022-09-13T14:40:42","date_gmt":"2022-09-13T17:40:42","guid":{"rendered":"https:\/\/primicias2262.com\/?p=93492"},"modified":"2022-09-13T14:40:42","modified_gmt":"2022-09-13T17:40:42","slug":"el-periodista-santiago-veiga-viajara-a-italia-para-el-84o-congreso-internacional-de-aips","status":"publish","type":"post","link":"https:\/\/primicias2262.com\/noticias\/el-periodista-santiago-veiga-viajara-a-italia-para-el-84o-congreso-internacional-de-aips\/","title":{"rendered":"El periodista Santiago Veiga viajar\u00e1 a Italia para el 84\u00ba Congreso Internacional de AIPS"},"content":{"rendered":"<p>El encuentro que nuclea a los periodistas deportivos de todo el mundo se desarrollar\u00e1 en Roma del 2 al 5 de octubre, donde el periodista necochense estar\u00e1 presente como presidente de la Federaci\u00f3n Argentina de Periodistas Deportivos.<\/p>\n<p>El periodista necochense Santiago Veiga, asumi\u00f3 en abril como presidente de la Federaci\u00f3n Argentina de Periodistas Deportivos (FAPED), a la cual est\u00e1 adherida el C\u00edrculo de Periodistas Deportivos de Necochea, y como m\u00e1ximo titular de la FAPED estar\u00e1 presente en el 84\u00ba Congreso Internacional de AIPS (Asociaci\u00f3n Internacional de la Prensa Deportiva), que se desarrollar\u00e1 en Roma, Italia, del 2 al 5 de octubre.<\/p>\n<p>Veiga palpit\u00f3 la experiencia en una nota realizada por los periodistas Hugo Moller y Hugo Arroyo en \u201cVoces de la Ciudad\u201d, donde contextualiz\u00f3 que \u201cAIPS es la entidad que nuclea a los periodistas de todo el mundo, se fund\u00f3 en 1924 y es un brazo que trabaja articuladamente con la FIFA y tiene delegaciones en cada continente, nosotros pertenecemos a AISP Am\u00e9rica, cuyo presidente es Carlos Castellano de Colombia, y cada pa\u00eds tiene una federaci\u00f3n, y la nuestra es la FAPED (Federaci\u00f3n Argentina de Periodistas Deportivos) que est\u00e1 pr\u00f3xima a cumplir 70 a\u00f1os, de la cual todos los colegas del pa\u00eds me han honrado con la presidencia desde abril, y en virtud de esto participo de lo que ser\u00e1 el 84\u00ba Congreso Internacional de AIPS\u201d.<\/p>\n<p>El periodista viajar\u00e1 el 30 de septiembre a Madrid y ya el 1\u00ba de octubre estar\u00e1 en suelo italiano. \u201cEn el Congreso se hablar\u00e1n cuestiones vinculadas a la profesi\u00f3n, y nosotros bregamos por mejores condiciones laborales para los colegas cronistas que cubren los espect\u00e1culos deportivos en el mundo. Hay un tema actual muy recurrente que son las acreditaciones. Por ejemplo la credencial de AIPS valida muy bien para un mundial de f\u00fatbol, de b\u00e1squet o Juegos Ol\u00edmpicos\u201d.<\/p>\n<p>A su vez, \u201cest\u00e1 la idea de realizar charlas sobre nuevas tecnolog\u00edas aplicadas al periodismo deportivo, y distintas mesas de trabajo, y tambi\u00e9n tendremos una charla con el presidente de la UEFA, Aleksander Ceferin, que es la uni\u00f3n m\u00e1s fuerte del mundo que nuclea a la Premier League, Calcio italiano, Liga de Espa\u00f1a, Bundesliga y dem\u00e1s\u201d, agreg\u00f3 Santiago.<\/p>\n<p>En cuanto a estos primeros meses al frente de FAPED, valor\u00f3 que \u201cestamos muy contentos, de hecho ayer se jug\u00f3 el Supercl\u00e1sico y gracias al convenio que tenemos con Boca, dos colegas del C\u00edrculo de La Rioja, estuvieron en el palco de prensa observando el partido Boca \u2013 River. Para la gente del interior del pa\u00eds es muy dif\u00edcil acceder a una acreditaci\u00f3n y menos a un Supercl\u00e1sico, y ese fue un convenio que armamos ni bien asumimos\u201d.<\/p>\n<p>Asimismo, inform\u00f3 que \u201ctambi\u00e9n estamos bajando capacitaciones al interior y trabajando con el turismo, con descuentos importantes para nuestros colegas en ciudades tur\u00edsticas como Mar del Plata, Ushuaia o Puerto Madryn\u201d.<\/p>\n<p>Finalmente se le consult\u00f3 sobre la mirada a nivel local en el C\u00edrculo de Periodistas Deportivos, acerca de lo que sintetiz\u00f3 que \u201cestamos muy bien, siempre tenemos como faro a mitad de diciembre la Gran Fiesta del Deporte \u201cJuan Alberto Poteca\u201d, con la entrega de los premios Puente Colgante, para la que ya estamos trabajando hace varios meses, para ir vislumbrado ternas, menciones y distinciones especiales\u201d.<\/p>\n","protected":false},"excerpt":{"rendered":"<p>El encuentro que nuclea a los periodistas deportivos de todo el mundo se desarrollar\u00e1 en Roma del 2 al 5 de octubre, donde el periodista necochense estar\u00e1 presente como presidente de la Federaci\u00f3n Argentina de Periodistas Deportivos. El periodista necochense Santiago Veiga, asumi\u00f3 en abril como presidente de la Federaci\u00f3n Argentina de Periodistas Deportivos (FAPED), [&hellip;]<\/p>\n","protected":false},"author":3,"featured_media":93493,"comment_status":"closed","ping_status":"closed","sticky":false,"template":"","format":"standard","meta":{"footnotes":""},"categories":[3],"tags":[],"class_list":["post-93492","post","type-post","status-publish","format-standard","has-post-thumbnail","category-masnoticias"],"_links":{"self":[{"href":"https:\/\/primicias2262.com\/noticias\/wp-json\/wp\/v2\/posts\/93492","targetHints":{"allow":["GET"]}}],"collection":[{"href":"https:\/\/primicias2262.com\/noticias\/wp-json\/wp\/v2\/posts"}],"about":[{"href":"https:\/\/primicias2262.com\/noticias\/wp-json\/wp\/v2\/types\/post"}],"author":[{"embeddable":true,"href":"https:\/\/primicias2262.com\/noticias\/wp-json\/wp\/v2\/users\/3"}],"replies":[{"embeddable":true,"href":"https:\/\/primicias2262.com\/noticias\/wp-json\/wp\/v2\/comments?post=93492"}],"version-history":[{"count":0,"href":"https:\/\/primicias2262.com\/noticias\/wp-json\/wp\/v2\/posts\/93492\/revisions"}],"wp:attachment":[{"href":"https:\/\/primicias2262.com\/noticias\/wp-json\/wp\/v2\/media?parent=93492"}],"wp:term":[{"taxonomy":"category","embeddable":true,"href":"https:\/\/primicias2262.com\/noticias\/wp-json\/wp\/v2\/categories?post=93492"},{"taxonomy":"post_tag","embeddable":true,"href":"https:\/\/primicias2262.com\/noticias\/wp-json\/wp\/v2\/tags?post=93492"}],"curies":[{"name":"wp","href":"https:\/\/api.w.org\/{rel}","templated":true}]}}