{"id":93495,"date":"2022-09-13T15:11:05","date_gmt":"2022-09-13T18:11:05","guid":{"rendered":"https:\/\/primicias2262.com\/?p=93495"},"modified":"2022-09-13T15:11:05","modified_gmt":"2022-09-13T18:11:05","slug":"reunion-institucional-y-reconocimiento-al-exintendente-daniel-molina","status":"publish","type":"post","link":"https:\/\/primicias2262.com\/noticias\/reunion-institucional-y-reconocimiento-al-exintendente-daniel-molina\/","title":{"rendered":"Reuni\u00f3n institucional y reconocimiento al exintendente Daniel Molina"},"content":{"rendered":"<p><strong>\u201cRespondimos a una amable invitaci\u00f3n del intendente Arturo Rojas para charlar sobre temas de la ciudad\u201d, se\u00f1al\u00f3 el doctor Daniel Molina, quien recibi\u00f3 del actual jefe comunal un reconocimiento por sus dos periodos al frente de la comuna entre 2003 y 2011.<\/strong><\/p>\n<p>En nombre del Departamento Ejecutivo Municipal, el intendente Arturo Rojas le entreg\u00f3 una placa al doctor Daniel Molina, en reconocimiento a su desempe\u00f1o como intendente de la ciudad en el per\u00edodo 2003-2011. En la ocasi\u00f3n, se mantuvo adem\u00e1s una reuni\u00f3n institucional junto al exjefe comunal, acompa\u00f1ado por el presidente del comit\u00e9 radical local, Alberto Esnaola, en funci\u00f3n de abordar diferentes proyectos para la Necochea del futuro.<\/p>\n<p>Al respecto, quien ganara las elecciones de Necochea en septiembre de 2003 y guiara los destinos de la comuna durante ocho a\u00f1os, resalt\u00f3 pos reuni\u00f3n que \u201cestamos respondiendo a una amable invitaci\u00f3n del intendente Arturo Rojas para charlar sobre temas de la ciudad y compartir algunas experiencias\u201d.<\/p>\n<p>\u201cEn ese marco, acompa\u00f1ado por Alberto Esnaola (presidente del Comit\u00e9 Emiliano Ab\u00e1solo de Necochea) le hemos entregado al Intendente una copia de Desarrollo Sustentable, que es el c\u00f3digo donde est\u00e1 plasmada toda la planificaci\u00f3n de Necochea, desde el momento que se hizo por los equipos t\u00e9cnicos nuestros hace 10 a\u00f1os y todav\u00eda vigente para los pr\u00f3ximos a\u00f1os\u201d, precis\u00f3 Molina respecto al encuentro en el despacho del 1\u00ba piso de la comuna.<\/p>\n<p>Al respecto, quien ganara las elecciones de Necochea en septiembre de 2003 y guiara los destinos de la comuna durante ocho a\u00f1os, resalt\u00f3 pos reuni\u00f3n que \u201cestamos respondiendo a una amable invitaci\u00f3n del intendente Arturo Rojas para charlar sobre temas de la ciudad y compartir algunas experiencias\u201d.<\/p>\n<p>\u201cEn ese marco, acompa\u00f1ado por Alberto Esnaola (presidente del Comit\u00e9 Emiliano Ab\u00e1solo de Necochea) le hemos entregado al Intendente una copia de Desarrollo Sustentable, que es el c\u00f3digo donde est\u00e1 plasmada toda la planificaci\u00f3n de Necochea, desde el momento que se hizo por los equipos t\u00e9cnicos nuestros hace 10 a\u00f1os y todav\u00eda vigente para los pr\u00f3ximos a\u00f1os\u201d, precis\u00f3 Molina respecto al encuentro en el despacho del 1\u00ba piso de la comuna.<\/p>\n<p>En la placa entregada por el intendente actual, se extendi\u00f3 el siguiente reconocimiento: \u201cal Dr. Daniel A. Molina, quien fuera dos veces intendente electo durante el periodo comprendido entre 2003 \u2013 2011. El compromiso y el valor con el que desempe\u00f1\u00f3 sus tareas como referente pol\u00edtico y personal de salud nos anima a seguir sumando voluntades a fin de continuar trabajando en el crecimiento de nuestro distrito\u201d.<\/p>\n","protected":false},"excerpt":{"rendered":"<p>\u201cRespondimos a una amable invitaci\u00f3n del intendente Arturo Rojas para charlar sobre temas de la ciudad\u201d, se\u00f1al\u00f3 el doctor Daniel Molina, quien recibi\u00f3 del actual jefe comunal un reconocimiento por sus dos periodos al frente de la comuna entre 2003 y 2011. En nombre del Departamento Ejecutivo Municipal, el intendente Arturo Rojas le entreg\u00f3 una [&hellip;]<\/p>\n","protected":false},"author":3,"featured_media":93496,"comment_status":"closed","ping_status":"closed","sticky":false,"template":"","format":"standard","meta":{"footnotes":""},"categories":[3],"tags":[],"class_list":["post-93495","post","type-post","status-publish","format-standard","has-post-thumbnail","category-masnoticias"],"_links":{"self":[{"href":"https:\/\/primicias2262.com\/noticias\/wp-json\/wp\/v2\/posts\/93495","targetHints":{"allow":["GET"]}}],"collection":[{"href":"https:\/\/primicias2262.com\/noticias\/wp-json\/wp\/v2\/posts"}],"about":[{"href":"https:\/\/primicias2262.com\/noticias\/wp-json\/wp\/v2\/types\/post"}],"author":[{"embeddable":true,"href":"https:\/\/primicias2262.com\/noticias\/wp-json\/wp\/v2\/users\/3"}],"replies":[{"embeddable":true,"href":"https:\/\/primicias2262.com\/noticias\/wp-json\/wp\/v2\/comments?post=93495"}],"version-history":[{"count":0,"href":"https:\/\/primicias2262.com\/noticias\/wp-json\/wp\/v2\/posts\/93495\/revisions"}],"wp:attachment":[{"href":"https:\/\/primicias2262.com\/noticias\/wp-json\/wp\/v2\/media?parent=93495"}],"wp:term":[{"taxonomy":"category","embeddable":true,"href":"https:\/\/primicias2262.com\/noticias\/wp-json\/wp\/v2\/categories?post=93495"},{"taxonomy":"post_tag","embeddable":true,"href":"https:\/\/primicias2262.com\/noticias\/wp-json\/wp\/v2\/tags?post=93495"}],"curies":[{"name":"wp","href":"https:\/\/api.w.org\/{rel}","templated":true}]}}