{"id":93513,"date":"2022-09-14T16:23:32","date_gmt":"2022-09-14T19:23:32","guid":{"rendered":"https:\/\/primicias2262.com\/?p=93513"},"modified":"2022-09-14T16:23:32","modified_gmt":"2022-09-14T19:23:32","slug":"se-lanzo-el-programa-necodescuentos-con-tres-dias-de-rebajas-y-promociones-en-comercios-locales","status":"publish","type":"post","link":"https:\/\/primicias2262.com\/noticias\/se-lanzo-el-programa-necodescuentos-con-tres-dias-de-rebajas-y-promociones-en-comercios-locales\/","title":{"rendered":"Se lanz\u00f3 el programa NecoDescuentos, con tres d\u00edas de rebajas y promociones en comercios locales"},"content":{"rendered":"<p><strong>La iniciativa es impulsada desde la Secretar\u00eda de Turismo y Desarrollo Productivo municipal en articulaci\u00f3n con la C\u00e1mara Comercial e Industrial. Entre el 19 y el 21 de septiembre, los negocios adheridos lanzar\u00e1n un paquete de ofertas para incentivar la actividad del sector.<\/strong><\/p>\n<p>La Secretar\u00eda de Turismo y Desarrollo Productivo de la Municipalidad de Necochea, en articulaci\u00f3n con la C\u00e1mara Comercial e Industrial, lanzaron esta ma\u00f1ana el programa de beneficios \u201cNecoDescuentos\u201d, un ciclo que durar\u00e1 tres d\u00edas y traer\u00e1 beneficios y promociones para los clientes en distintos comercios de Necochea y Quequ\u00e9n.<\/p>\n<div class=\"wp-block-media-text is-stacked-on-mobile is-vertically-aligned-top\">\n<div class=\"wp-block-media-text__content\">\n<p>Desde el pr\u00f3ximo lunes 19 y hasta el mi\u00e9rcoles 21 de septiembre, la primera edici\u00f3n de este evento contar\u00e1 con una amplia cartera de ofertas y descuentos en decenas de locales de los m\u00e1s variados rubros, que ya adhirieron a esta iniciativa y esperan que pueda replicarse en el tiempo para dar impulso a la actividad.<\/p>\n<p>Las promociones depender\u00e1n de cada comercio, pudiendo transformarse en un porcentaje de quita en el precio final de la compra, regalos, men\u00fas promocionales o la entrega de dos productos al valor de uno, entre cualquier otra forma de beneficio que impacte en el bolsillo de los vecinos.<\/p>\n<p>Para conocer el listado de las firmas adheridas y las rebajas que ofrecer\u00e1 cada una, desde la ma\u00f1ana de este jueves estar\u00e1 disponible un apartado especial en la p\u00e1gina web del municipio, al que se podr\u00e1 ingresar a trav\u00e9s del link\u00a0<a href=\"https:\/\/bit.ly\/NecoDescuentos\">https:\/\/bit.ly\/NecoDescuentos<\/a>\u00a0o escaneando el c\u00f3digo QR que aparecer\u00e1 en la gr\u00e1fica publicitaria.<\/p>\n<\/div>\n<\/div>\n<p>Desde el \u00e1rea de Desarrollo Comercial, Industrial y Agropecuario, espacio que depende de la Secretar\u00eda de la comuna y est\u00e1 a cargo de dar impulso a esta iniciativa, informaron que aquellos negocios locales interesados en sumarse al programa NecoDescuentos todav\u00eda est\u00e1n a tiempo de hacerlo, completando un peque\u00f1o formulario de inscripci\u00f3n en\u00a0<a href=\"https:\/\/bit.ly\/Incentivo_Comercios\" target=\"_blank\" rel=\"noreferrer noopener\">https:\/\/bit.ly\/Incentivo_Comercios<\/a>.<\/p>\n<p>&nbsp;<\/p>\n","protected":false},"excerpt":{"rendered":"<p>La iniciativa es impulsada desde la Secretar\u00eda de Turismo y Desarrollo Productivo municipal en articulaci\u00f3n con la C\u00e1mara Comercial e Industrial. Entre el 19 y el 21 de septiembre, los negocios adheridos lanzar\u00e1n un paquete de ofertas para incentivar la actividad del sector. La Secretar\u00eda de Turismo y Desarrollo Productivo de la Municipalidad de Necochea, [&hellip;]<\/p>\n","protected":false},"author":3,"featured_media":93514,"comment_status":"closed","ping_status":"closed","sticky":false,"template":"","format":"standard","meta":{"footnotes":""},"categories":[3],"tags":[],"class_list":["post-93513","post","type-post","status-publish","format-standard","has-post-thumbnail","category-masnoticias"],"_links":{"self":[{"href":"https:\/\/primicias2262.com\/noticias\/wp-json\/wp\/v2\/posts\/93513","targetHints":{"allow":["GET"]}}],"collection":[{"href":"https:\/\/primicias2262.com\/noticias\/wp-json\/wp\/v2\/posts"}],"about":[{"href":"https:\/\/primicias2262.com\/noticias\/wp-json\/wp\/v2\/types\/post"}],"author":[{"embeddable":true,"href":"https:\/\/primicias2262.com\/noticias\/wp-json\/wp\/v2\/users\/3"}],"replies":[{"embeddable":true,"href":"https:\/\/primicias2262.com\/noticias\/wp-json\/wp\/v2\/comments?post=93513"}],"version-history":[{"count":0,"href":"https:\/\/primicias2262.com\/noticias\/wp-json\/wp\/v2\/posts\/93513\/revisions"}],"wp:attachment":[{"href":"https:\/\/primicias2262.com\/noticias\/wp-json\/wp\/v2\/media?parent=93513"}],"wp:term":[{"taxonomy":"category","embeddable":true,"href":"https:\/\/primicias2262.com\/noticias\/wp-json\/wp\/v2\/categories?post=93513"},{"taxonomy":"post_tag","embeddable":true,"href":"https:\/\/primicias2262.com\/noticias\/wp-json\/wp\/v2\/tags?post=93513"}],"curies":[{"name":"wp","href":"https:\/\/api.w.org\/{rel}","templated":true}]}}