{"id":93516,"date":"2022-09-14T16:25:41","date_gmt":"2022-09-14T19:25:41","guid":{"rendered":"https:\/\/primicias2262.com\/?p=93516"},"modified":"2022-09-14T16:25:41","modified_gmt":"2022-09-14T19:25:41","slug":"hay-avance-en-el-proyecto-de-repotenciacion-electrica-en-quequen","status":"publish","type":"post","link":"https:\/\/primicias2262.com\/noticias\/hay-avance-en-el-proyecto-de-repotenciacion-electrica-en-quequen\/","title":{"rendered":"Hay avances en el proyecto de repotenciaci\u00f3n el\u00e9ctrica en Quequ\u00e9n"},"content":{"rendered":"<p><strong>Ya estar\u00eda confirmada la financiaci\u00f3n por parte del CAF y la Direcci\u00f3n Provincial de Energ\u00eda actualiza los valores para enviarla a las \u00e1reas pertinentes, luego de lo cual se podr\u00e1 fijar una fecha de publicaci\u00f3n de la licitaci\u00f3n internacional, que se estima para el pr\u00f3ximo mes de octubre<\/strong>.<\/p>\n<p>Luego de las gestiones realizadas por el propio intendente Arturo Rojas y funcionarios municipales ante autoridades de la Direcci\u00f3n Provincial de Energ\u00eda, se conoci\u00f3 esta ma\u00f1ana que avanza, con miras de ejecutarse pr\u00f3ximamente, el proyecto de repotenciaci\u00f3n el\u00e9ctrica en la ciudad de Quequ\u00e9n, cuya cristalizaci\u00f3n permitir\u00e1 desarrollar mayor capacidad industrial y comercial en beneficio de todo el distrito.<\/p>\n<p>Previamente, esta semana se confirm\u00f3 la renegociaci\u00f3n de los contratos con la empresa licitadora y se firmaron los acuerdos para reiniciar la obra del \u201cPaquete 5\u201d, que comprende a las plantas transformadoras Quequ\u00e9n-Lober\u00eda, Balcarce-San Manuel y Juan N. Fern\u00e1ndez, que comenzar\u00edan, a m\u00e1s tardar, la pr\u00f3xima entrante.<\/p>\n<div class=\"wp-block-media-text is-stacked-on-mobile is-vertically-aligned-top\">\n<div class=\"wp-block-media-text__content\">\n<p>En cuanto a la repotenciaci\u00f3n de la Estaci\u00f3n Transformadora de 132 Kv en Quequ\u00e9n, ya estar\u00eda confirmada la financiaci\u00f3n por parte del CAF -el Banco de Desarrollo de Am\u00e9rica Latina- y se estar\u00edan actualizando los valores para enviarla a las \u00e1reas de Contrataciones y Licitaciones, para que den curso a los dem\u00e1s procesos administrativos, luego de lo cual se fijar\u00eda la fecha de publicaci\u00f3n del llamado a concurso internacional, que podr\u00eda ser en el pr\u00f3ximo mes de octubre.<\/p>\n<p>Tambi\u00e9n se pudo conocer que el primer desembolso del organismo est\u00e1 previsto para el primer trimestre de 2023 y que el monto total de la obra ascender\u00e1 a los 2.400 millones de pesos.<\/p>\n<\/div>\n<\/div>\n<p>La puesta en marcha de esta Estaci\u00f3n permitir\u00e1 mejorar notablemente el abastecimiento de electricidad y brindar\u00e1 un servicio m\u00e1s acorde en beneficio de todos los habitantes de la zona; persiguiendo uno de los objetivos m\u00e1s anhelados de esta gesti\u00f3n que es la instalaci\u00f3n de nuevas industrias que generan fuentes de trabajo genuinas para el desarrollo de todo el distrito.<\/p>\n","protected":false},"excerpt":{"rendered":"<p>Ya estar\u00eda confirmada la financiaci\u00f3n por parte del CAF y la Direcci\u00f3n Provincial de Energ\u00eda actualiza los valores para enviarla a las \u00e1reas pertinentes, luego de lo cual se podr\u00e1 fijar una fecha de publicaci\u00f3n de la licitaci\u00f3n internacional, que se estima para el pr\u00f3ximo mes de octubre. Luego de las gestiones realizadas por el [&hellip;]<\/p>\n","protected":false},"author":3,"featured_media":93517,"comment_status":"closed","ping_status":"closed","sticky":false,"template":"","format":"standard","meta":{"footnotes":""},"categories":[3],"tags":[],"class_list":["post-93516","post","type-post","status-publish","format-standard","has-post-thumbnail","category-masnoticias"],"_links":{"self":[{"href":"https:\/\/primicias2262.com\/noticias\/wp-json\/wp\/v2\/posts\/93516","targetHints":{"allow":["GET"]}}],"collection":[{"href":"https:\/\/primicias2262.com\/noticias\/wp-json\/wp\/v2\/posts"}],"about":[{"href":"https:\/\/primicias2262.com\/noticias\/wp-json\/wp\/v2\/types\/post"}],"author":[{"embeddable":true,"href":"https:\/\/primicias2262.com\/noticias\/wp-json\/wp\/v2\/users\/3"}],"replies":[{"embeddable":true,"href":"https:\/\/primicias2262.com\/noticias\/wp-json\/wp\/v2\/comments?post=93516"}],"version-history":[{"count":0,"href":"https:\/\/primicias2262.com\/noticias\/wp-json\/wp\/v2\/posts\/93516\/revisions"}],"wp:attachment":[{"href":"https:\/\/primicias2262.com\/noticias\/wp-json\/wp\/v2\/media?parent=93516"}],"wp:term":[{"taxonomy":"category","embeddable":true,"href":"https:\/\/primicias2262.com\/noticias\/wp-json\/wp\/v2\/categories?post=93516"},{"taxonomy":"post_tag","embeddable":true,"href":"https:\/\/primicias2262.com\/noticias\/wp-json\/wp\/v2\/tags?post=93516"}],"curies":[{"name":"wp","href":"https:\/\/api.w.org\/{rel}","templated":true}]}}