{"id":93519,"date":"2022-09-14T16:33:25","date_gmt":"2022-09-14T19:33:25","guid":{"rendered":"https:\/\/primicias2262.com\/?p=93519"},"modified":"2022-09-14T16:33:25","modified_gmt":"2022-09-14T19:33:25","slug":"desde-la-pandemia-la-huerta-volvio-a-tener-cierto-interes-en-el-publico-y-es-creciente","status":"publish","type":"post","link":"https:\/\/primicias2262.com\/noticias\/desde-la-pandemia-la-huerta-volvio-a-tener-cierto-interes-en-el-publico-y-es-creciente\/","title":{"rendered":"Desde la pandemia \u201cla huerta volvi\u00f3 a tener cierto inter\u00e9s en el p\u00fablico y es creciente\u201d"},"content":{"rendered":"<p>As\u00ed lo afirm\u00f3 Eugenia Podlesny, referente del grupo Ciudad Frutal, que se encuentra cumpliendo 10 a\u00f1os de vida y realizar\u00e1 diferentes actividades con la comunidad para celebrar.<\/p>\n<p>En los estudios de \u201cVoces de la Ciudad\u201d, Podlesny fue entrevistada por el periodista Hugo Moller, momento en el que contextualiz\u00f3 que \u201cNecochea Ciudad Frutal es un grupo de personas que proponemos pr\u00e1cticas como la agricultura urbana agroecol\u00f3gica. Lo que hacemos para que eso suceda es plantar \u00e1rboles frutales en espacios p\u00fablicos, y adem\u00e1s tenemos la \u201chospihuerta\u201d, que es la huerta que funciona en el Hospital Municipal \u201cDr. Emilio Ferreyra\u201d desde hace ocho a\u00f1os.<\/p>\n<p>\u201cHacemos tarea de promoci\u00f3n en el sentido de que las huertas comunitarias de Ciudad Frutal son espacios m\u00e1s que nada demostrativos, y quiz\u00e1 ahora afortunadamente la huerta volvi\u00f3 a tener cierto inter\u00e9s en el p\u00fablico y es creciente de la pandemia en adelante\u201d, acot\u00f3 la referente.<\/p>\n<p>En cuanto a los festejos por los 10 a\u00f1os, Eugenia inform\u00f3 que \u201clas actividades arrancan este mi\u00e9rcoles 14 a las 18 con una charla libre y gratuita en el Centro Cultural de la Lic. Valeria Elichiry, sobre las plantas nativas alimenticias y la relaci\u00f3n con los humanos. Son las plantas que crecen en nuestras cuadras de Necochea y Quequ\u00e9n, una charla muy did\u00e1ctica con soporte audiovisual que nos permitir\u00e1 conocer estos ejemplares alimenticios\u201d.<\/p>\n<p>Mientras tanto, \u201cel festejo central es el s\u00e1bado 17 en el auditorio del mismo Centro Cultural, en calle 54 entre 61 y 63, donde haremos el cl\u00e1sico intercambio de semillas de 12 a 17, y en el medio habr\u00e1 una peque\u00f1a feria, actividades de talleres de Compostaje que brindar\u00e1 el vivero Huertas Ra\u00edces y un mapeo colectivo de los \u00e1rboles que hemos ido sembrando hecho por la plataforma Bosque Comunidad. Todo ser\u00e1 libre y gratuito y el cierre estar\u00e1 a cargo de la orquesta de m\u00fasica popular de la Escuela de Artes Orillas del Quequ\u00e9n\u201d.<\/p>\n<p>Acerca del creciente inter\u00e9s que marcaba anteriormente de la gente en las huertas, Podlesny argument\u00f3 que \u201clo vemos en nuestra biblioteca de semillas, que funciona tambi\u00e9n en el Centro Cultural y Biblioteca Popular Ferreyra desde 2017. Es un inter\u00e9s creciente que tiene la gente por saber de d\u00f3nde viene su comida, hay muchos que saben que quiz\u00e1 las formas de producci\u00f3n no son las m\u00e1s saludables y optan por armar una quinta o una huerta de barrio\u201d.<\/p>\n<p>Ampli\u00f3 al respecto que \u201clas edades son muy diversas, vecinos y vecinas que se acercan y quieren cambiar h\u00e1bitos de consumo y que saben que es una pr\u00e1ctica que vincula intergeneracionalmente a las familias, y esa vinculaci\u00f3n a veces surge de la relaci\u00f3n abuelo-nieto\u201d.<\/p>\n<p>Incluso, actualmente \u201cen las escuelas y jardines de infantes se est\u00e1 trabajando el hecho de hacer huertas y cuidar las plantas en familia, y eso es un poco volver a lo de antes. Hace diez a\u00f1os esto estaba como germinando y ahora ha habido como una explosi\u00f3n, pero no solo es una cuesti\u00f3n regional, sino mundial, con movimientos agroecol\u00f3gicos, de soberan\u00eda alimentaria, de huertas urbanas y de vuelta al campo en el sentido de sistemas mixtos\u2026 es volver a un tipo de producci\u00f3n que nos permita una vinculaci\u00f3n con la tierra\u201d, concluy\u00f3 Podlesny.<\/p>\n","protected":false},"excerpt":{"rendered":"<p>As\u00ed lo afirm\u00f3 Eugenia Podlesny, referente del grupo Ciudad Frutal, que se encuentra cumpliendo 10 a\u00f1os de vida y realizar\u00e1 diferentes actividades con la comunidad para celebrar. En los estudios de \u201cVoces de la Ciudad\u201d, Podlesny fue entrevistada por el periodista Hugo Moller, momento en el que contextualiz\u00f3 que \u201cNecochea Ciudad Frutal es un grupo [&hellip;]<\/p>\n","protected":false},"author":3,"featured_media":93520,"comment_status":"closed","ping_status":"closed","sticky":false,"template":"","format":"standard","meta":{"footnotes":""},"categories":[5],"tags":[],"class_list":{"0":"post-93519","1":"post","2":"type-post","3":"status-publish","4":"format-standard","5":"has-post-thumbnail","7":"category-neco"},"_links":{"self":[{"href":"https:\/\/primicias2262.com\/noticias\/wp-json\/wp\/v2\/posts\/93519","targetHints":{"allow":["GET"]}}],"collection":[{"href":"https:\/\/primicias2262.com\/noticias\/wp-json\/wp\/v2\/posts"}],"about":[{"href":"https:\/\/primicias2262.com\/noticias\/wp-json\/wp\/v2\/types\/post"}],"author":[{"embeddable":true,"href":"https:\/\/primicias2262.com\/noticias\/wp-json\/wp\/v2\/users\/3"}],"replies":[{"embeddable":true,"href":"https:\/\/primicias2262.com\/noticias\/wp-json\/wp\/v2\/comments?post=93519"}],"version-history":[{"count":0,"href":"https:\/\/primicias2262.com\/noticias\/wp-json\/wp\/v2\/posts\/93519\/revisions"}],"wp:featuredmedia":[{"embeddable":true,"href":"https:\/\/primicias2262.com\/noticias\/wp-json\/"}],"wp:attachment":[{"href":"https:\/\/primicias2262.com\/noticias\/wp-json\/wp\/v2\/media?parent=93519"}],"wp:term":[{"taxonomy":"category","embeddable":true,"href":"https:\/\/primicias2262.com\/noticias\/wp-json\/wp\/v2\/categories?post=93519"},{"taxonomy":"post_tag","embeddable":true,"href":"https:\/\/primicias2262.com\/noticias\/wp-json\/wp\/v2\/tags?post=93519"}],"curies":[{"name":"wp","href":"https:\/\/api.w.org\/{rel}","templated":true}]}}