{"id":93522,"date":"2022-09-14T16:44:12","date_gmt":"2022-09-14T19:44:12","guid":{"rendered":"https:\/\/primicias2262.com\/?p=93522"},"modified":"2022-09-14T16:44:12","modified_gmt":"2022-09-14T19:44:12","slug":"este-fin-de-semana-habra-una-nutrida-agenda-de-actividades-en-el-centro-cultural","status":"publish","type":"post","link":"https:\/\/primicias2262.com\/noticias\/este-fin-de-semana-habra-una-nutrida-agenda-de-actividades-en-el-centro-cultural\/","title":{"rendered":"Este fin de semana habr\u00e1 una nutrida agenda de actividades en el Centro Cultural"},"content":{"rendered":"<p>El Centro Cultural Necochea Biblioteca Popular Andr\u00e9s Ferreyra (CCN\/BPAF) ha elaborado una nutrida agenda las actividades organizadas para el viernes y s\u00e1bado pr\u00f3ximos que incluyen un abanico de propuestas para todos los p\u00fablicos.<\/p>\n<p><strong><em><u>Viernes 16 de septiembre:<\/u><\/em><\/strong><em><br \/>\n<\/em><br \/>\nSe abre la <strong>Ecoferia <\/strong>a partir de las <strong>10:00 horas. <\/strong>Variados stands de productores locales donde se podr\u00e1n comprar cosm\u00e9tica natural, artesan\u00edas, trabajos en madera, plantines, alimentos caseros, dulces. Habr\u00e1 gran variedad y buenos precios. Estar\u00e1 funcionando hasta las 14:00 horas.<\/p>\n<p>Ese mismo d\u00eda, a las <strong>18:30 horas<\/strong> Anabell Anzorena Su\u00e1rez y Micaela Kessler brindar\u00e1n el segundo encuentro del <strong>taller de poes\u00eda \u00abM\u00e1s all\u00e1 del mar\u00bb.<\/strong> Con melod\u00edas e im\u00e1genes seleccionadas para acompa\u00f1ar el proceso creativo, proponen poes\u00eda para armar. Instintivamente, varias veces, sin mucho tiempo para pensar sino destinado al acto po\u00e9tico. Todos los viernes en sala Bellocq, primer piso. A la gorra.<\/p>\n<p>En el cafecito del Centro Cultural, a las <strong>18:00 horas<\/strong>. Ciclo de charlas. <strong>Introducci\u00f3n al budismo<\/strong>, a cargo de Enrique Parisey. Entrada gratuita con cupos limitados. Reservas al 15-536964.<\/p>\n<p>A las <strong>19:00 horas<\/strong>, la Asamblea por la Soberan\u00eda de Puerto Quequ\u00e9n presenta el libro de <strong>Miguel Angel Bay\u00f3n: \u201cContradicciones de la producci\u00f3n agropecuaria y la agroexportaci\u00f3n argentina. Propuestas econ\u00f3micas y pol\u00edticas para su superaci\u00f3n<\/strong>\u201d. Entrada libre y gratuita. En el sal\u00f3n Multiespacio.<\/p>\n<p><strong><em><u>S\u00e1bado 17 de septiembre: <\/u><\/em><\/strong><\/p>\n<p><strong>Intercambio de semillas y plantas<\/strong>, a partir de las <strong>12:00 horas y hasta las 17:00<\/strong>, en el auditorio. Se invita a la comunidad a concurrir con plantas, gajos, semillas, bulbos, etc. a fin de intercambiar, liberar o<\/p>\n<p>regalar entre los presentes. Adem\u00e1s de compartir experiencias relacionadas a la huerta urbana, la agroecolog\u00eda y la jardiner\u00eda.<\/p>\n<p>Estar\u00e1 presente <strong>Bosque y Comunidad<\/strong> con un <strong>mapeo colectivo<\/strong> donde se podr\u00e1n asentar los \u00e1rboles frutales del barrio, casa y vereda. Como es caracter\u00edstico de la Plataforma de Arte en Territorio Bosque y Comunidad, este mapeo se har\u00e1 a trav\u00e9s de la estampa de sellos.<\/p>\n<p>A las <strong>15:00 horas<\/strong> se dictar\u00e1 un <strong>taller de \u201cIntroducci\u00f3n al compostaje de residuos org\u00e1nicos\u201d<\/strong> a cargo de Huerta Vivero Ra\u00edces.<\/p>\n<p><em>Estas actividades fueron organizadas por <strong>Ciudad Frutal<\/strong> al cumplirse 10 a\u00f1os de funcionamiento. Habr\u00e1 puestos de feria de emprendedores locales y el cierre estar\u00e1 a cargo de la Orquesta de M\u00fasica Popular de la Escuela Provincial de Arte \u201cOrillas del Quequ\u00e9n\u201d. El evento es libre y gratuito.<\/em><\/p>\n<p>A partir de <strong>las 20:30 horas, IV Edici\u00f3n de La Cultural Milonga<\/strong>, con el siguiente programa:<\/p>\n<ul>\n<li>30 horas. Clase de tango. \u201cRebotes Salvadores: Herramientas para una pista llena\u201d por Agustina Russo y Mat\u00edas Alvarez.<\/li>\n<li>21:.30 horas. Milonga con orquesta en vivo. 11 m\u00fasicos en escena. Orquesta de m\u00fasica popular \u201cOrillas del Quequen\u201d.<\/li>\n<\/ul>\n<p>Valores: Clase + Milonga $800 &#8211; Clase $400 &#8211; Milonga $500<\/p>\n<p>Andr\u00e9s Sanchez Fotografia.\u00a0Reservas 2262-654016<\/p>\n<p><strong><u>Salas de exposiciones: <\/u><\/strong><\/p>\n<p>&#8211; En <strong>Sala Pedro Arozarena<\/strong> ubicado en el primer piso. \u201cSoledades Humanas\u201d -Grabados-. Muestra de Julieta Warman.<\/p>\n<p>&#8211; En <strong>Mil Formas de\u2026 el cafecito del Centro Cultural<\/strong>. Exposici\u00f3n de Christian Florent\u00edn.\u00a0 \u201cLa carrera hacia ning\u00fan lugar, el ocaso de los \u00eddolos\u201d.<\/p>\n<p>&#8211; En el <strong>rellano de la escalera<\/strong>. \u201cManifiesto\u201d. Muestra y enunciaci\u00f3n.<br \/>\nIntervenci\u00f3n de Bosque y Comunidad. En un espacio donde, sobre la pared frontal, la direcci\u00f3n del Centro Cultural ha vuelto a colgar una foto hist\u00f3rica del Parque Miguel Lillo que fue un regalo del reconocido fot\u00f3grafo Horacio Coppola. El Parque es reconocido como obra-en-s\u00ed-misma, una maravillosa obra de ingenier\u00eda forestal, y al mismo tiempo, como dispositivo para la creaci\u00f3n de pensamiento com\u00fan para la construcci\u00f3n.<\/p>\n","protected":false},"excerpt":{"rendered":"<p>El Centro Cultural Necochea Biblioteca Popular Andr\u00e9s Ferreyra (CCN\/BPAF) ha elaborado una nutrida agenda las actividades organizadas para el viernes y s\u00e1bado pr\u00f3ximos que incluyen un abanico de propuestas para todos los p\u00fablicos. Viernes 16 de septiembre: Se abre la Ecoferia a partir de las 10:00 horas. Variados stands de productores locales donde se podr\u00e1n [&hellip;]<\/p>\n","protected":false},"author":3,"featured_media":83084,"comment_status":"closed","ping_status":"closed","sticky":false,"template":"","format":"standard","meta":{"footnotes":""},"categories":[3],"tags":[],"class_list":["post-93522","post","type-post","status-publish","format-standard","has-post-thumbnail","category-masnoticias"],"_links":{"self":[{"href":"https:\/\/primicias2262.com\/noticias\/wp-json\/wp\/v2\/posts\/93522","targetHints":{"allow":["GET"]}}],"collection":[{"href":"https:\/\/primicias2262.com\/noticias\/wp-json\/wp\/v2\/posts"}],"about":[{"href":"https:\/\/primicias2262.com\/noticias\/wp-json\/wp\/v2\/types\/post"}],"author":[{"embeddable":true,"href":"https:\/\/primicias2262.com\/noticias\/wp-json\/wp\/v2\/users\/3"}],"replies":[{"embeddable":true,"href":"https:\/\/primicias2262.com\/noticias\/wp-json\/wp\/v2\/comments?post=93522"}],"version-history":[{"count":0,"href":"https:\/\/primicias2262.com\/noticias\/wp-json\/wp\/v2\/posts\/93522\/revisions"}],"wp:attachment":[{"href":"https:\/\/primicias2262.com\/noticias\/wp-json\/wp\/v2\/media?parent=93522"}],"wp:term":[{"taxonomy":"category","embeddable":true,"href":"https:\/\/primicias2262.com\/noticias\/wp-json\/wp\/v2\/categories?post=93522"},{"taxonomy":"post_tag","embeddable":true,"href":"https:\/\/primicias2262.com\/noticias\/wp-json\/wp\/v2\/tags?post=93522"}],"curies":[{"name":"wp","href":"https:\/\/api.w.org\/{rel}","templated":true}]}}